{"id":510,"date":"2021-09-27T15:18:23","date_gmt":"2021-09-27T13:18:23","guid":{"rendered":"https:\/\/unione.gct.mi.it\/?p=510"},"modified":"2021-09-27T15:33:24","modified_gmt":"2021-09-27T13:33:24","slug":"news-leggere","status":"publish","type":"post","link":"https:\/\/unione.gct.mi.it\/news-leggere\/","title":{"rendered":"Testo unico sicurezza &#8211; Obbligo aggiornamento formativo per RLS"},"content":{"rendered":"<p>Le prossime edizioni del corso di aggiornamento formativo per Rappresentanti dei Lavoratori per la Sicurezza ai sensi dell&#8217;art. 37, comma 11, d.lgs. n. 81\/08 si terranno <strong>gioved\u00ec 23 settembre 2021 <\/strong>presso la nostra sede di Piazza Castello 28 a Milano <strong>dalle 9.00 alle 13.00<\/strong> (4 ore) per Rls di imprese che occupano <strong>fino a 50 lavoratori <\/strong>e <strong>dalle 9.00 alle 18.00<\/strong> (8 ore) per Rls di imprese che occupano <strong>pi\u00f9 di 50 lavoratori.<\/strong><\/p>\n<p>Il corso di aggiornamento dedicato ai <strong>rischi da reparto produttivo avr\u00e0 luogo mercoled\u00ec 29 settembre 2021 <\/strong>dalle 9.00 alle 13.00 (4 ore) per Rls di imprese che occupano fino a 50 lavoratori e mercoled\u00ec 29 e gioved\u00ec 30 settembre 2021 dalle 9.00 alle 13.00 (8 ore) per Rls di imprese che occupano pi\u00f9 di 50 lavoratori.<\/p>\n<p>Il corso dedicato ai <strong>rischi da ufficio, smart working, iper connessione, <\/strong><strong>stress e tecnostress <\/strong>sar\u00e0 erogato in FAD, con modalit\u00e0 videoconferenza sincrona.<\/p>\n<p>Per richiedere la scheda di iscrizione si prega di contattare direttamente l&#8217;Ufficio Ambiente Ecologia e Sicurezza &#8211; Formazione<br \/>\n(tel. 02.720.225.70 &#8211; e-mail orlando.paiardi@gct.mi.it).<\/p>\n<p><strong>QUOTE DI ADESIONE<\/strong><\/p>\n<p>Il costo del\u00a0<b>Corso di aggiornamento Rls con durata 4 ore \u00e8 di \u20ac 210 + Iva<\/b>\u00a0per le Aziende associate (se non associate \u20ac 300 + Iva).<\/p>\n<p>Il costo del\u00a0<b>Corso di aggiornamento Rls con durata 8 ore \u00e8 di \u20ac 300 + Iva<\/b>\u00a0per le Aziende associate (se non associate \u20ac 400 + Iva).<\/p>\n<p><b>ART. 55, COMMA 5, LETT. C D.LGS. 81\/08<\/b><\/p>\n<p>Si ricorda che:<\/p>\n<ul>\n<li><b>il mancato aggiornamento annuale dell&#8217;Rls \u00e8 punito con l&#8217;arresto da due a quattro mesi o l&#8217;ammenda da \u20ac 1.200 a \u20ac 5.200<\/b>;<\/li>\n<li>sia la formazione base di 32 ore, sia l&#8217;aggiornamento annuale del RLS, devono essere impartiti in collaborazione con l&#8217;Organismo Paritetico territoriale da docenti aventi i requisiti previsti dal Dm 6 marzo 2013;<\/li>\n<li>per le aziende dei nostri settori ubicate nella Citt\u00e0 Metropolitana di Milano tale organismo \u00e8 il Comitato Provinciale per l&#8217;Istruzione Professionale Grafica di Milano &#8211; ENIPG, costituito presso l&#8217;Unione Grafici.<\/li>\n<\/ul>\n<p>Tutti i nostri corsi di formazione in aula in materia di sicurezza sono sospesi fino al 31 luglio, come da Protocollo 24 aprile 2020.<br \/>\nAl momento non sono ipotizzabili nuove date per i mesi autunnali, ma in alternativa, a seguito dell&#8217;autorizzazione Ministero del Lavoro 2 maggio 2020, stiamo organizzando altre edizioni del corso di Aggiornamento RLS in FAD con modalit\u00e0 videoconferenza sincrona.<br \/>\nLa prossima edizione, dedicata ai rischi da reparto produttivo, \u00e8 programmata per la seconda met\u00e0 del mese di giugno.<br \/>\nChiediamo, pertanto, l&#8217;interesse e la disponibilit\u00e0 delle aziende a far partecipare i propri RLS in attesa di un aggiornamento di formazione.<br \/>\nRibadiamo, comunque, che l&#8217;obbligo di formazione e aggiornamento in materia di sicurezza rimane sospeso fino al termine dell&#8217;emergenza sanitaria, ad oggi 31 luglio 2020.<\/p>\n<p>Il dott. Orlando Paiardi, Ufficio Ambiente Ecologia e Sicurezza &#8211; Formazione (e-mail\u00a0<a href=\"mailto:orlando.paiardi@gct.mi.it\">orlando.paiardi@gct.mi.it<\/a>) rimane a disposizione per ulteriori chiarimenti.<\/p>\n","protected":false},"excerpt":{"rendered":"<p>Le prossime edizioni del corso di aggiornamento formativo per Rappresentanti dei Lavoratori per la Sicurezza ai sensi dell&#8217;art. 37, comma 11, d.lgs. n. 81\/08 si terranno gioved\u00ec 23 settembre 2021 presso la nostra sede di Piazza Castello 28 a Milano dalle 9.00 alle 13.00 (4 ore) per Rls di imprese che occupano fino a 50 [&hellip;]<\/p>\n","protected":false},"author":6,"featured_media":668,"comment_status":"open","ping_status":"open","sticky":false,"template":"","format":"standard","meta":{"_acf_changed":false,"_et_pb_use_builder":"","_et_pb_old_content":"","_et_gb_content_width":"","inline_featured_image":false,"footnotes":""},"categories":[70,1],"tags":[],"fonte":[9],"posizione":[64],"class_list":["post-510","post","type-post","status-publish","format-standard","has-post-thumbnail","hentry","category-formazione","category-news","fonte-unione-gct","posizione-news-di-unione"],"acf":[],"yoast_head":"<!-- This site is optimized with the Yoast SEO plugin v27.5 - https:\/\/yoast.com\/product\/yoast-seo-wordpress\/ -->\n<title>Testo unico sicurezza - Obbligo aggiornamento formativo per RLS - Unione GCT<\/title>\n<meta name=\"robots\" content=\"index, follow, max-snippet:-1, max-image-preview:large, max-video-preview:-1\" \/>\n<link rel=\"canonical\" href=\"https:\/\/unione.gct.mi.it\/news-leggere\/\" \/>\n<meta property=\"og:locale\" content=\"it_IT\" \/>\n<meta property=\"og:type\" content=\"article\" \/>\n<meta property=\"og:title\" content=\"Testo unico sicurezza - Obbligo aggiornamento formativo per RLS - Unione GCT\" \/>\n<meta property=\"og:description\" content=\"Le prossime edizioni del corso di aggiornamento formativo per Rappresentanti dei Lavoratori per la Sicurezza ai sensi dell&#8217;art. 37, comma 11, d.lgs. n. 81\/08 si terranno gioved\u00ec 23 settembre 2021 presso la nostra sede di Piazza Castello 28 a Milano dalle 9.00 alle 13.00 (4 ore) per Rls di imprese che occupano fino a 50 [&hellip;]\" \/>\n<meta property=\"og:url\" content=\"https:\/\/unione.gct.mi.it\/news-leggere\/\" \/>\n<meta property=\"og:site_name\" content=\"Unione GCT\" \/>\n<meta property=\"article:published_time\" content=\"2021-09-27T13:18:23+00:00\" \/>\n<meta property=\"article:modified_time\" content=\"2021-09-27T13:33:24+00:00\" \/>\n<meta property=\"og:image\" content=\"https:\/\/unione.gct.mi.it\/wp-content\/uploads\/sites\/3\/2021\/08\/RLS-GCT.jpeg\" \/>\n\t<meta property=\"og:image:width\" content=\"1030\" \/>\n\t<meta property=\"og:image:height\" content=\"577\" \/>\n\t<meta property=\"og:image:type\" content=\"image\/jpeg\" \/>\n<meta name=\"author\" content=\"sara\" \/>\n<meta name=\"twitter:card\" content=\"summary_large_image\" \/>\n<meta name=\"twitter:label1\" content=\"Scritto da\" \/>\n\t<meta name=\"twitter:data1\" content=\"sara\" \/>\n\t<meta name=\"twitter:label2\" content=\"Tempo di lettura stimato\" \/>\n\t<meta name=\"twitter:data2\" content=\"3 minuti\" \/>\n<script type=\"application\/ld+json\" class=\"yoast-schema-graph\">{\"@context\":\"https:\\\/\\\/schema.org\",\"@graph\":[{\"@type\":\"Article\",\"@id\":\"https:\\\/\\\/unione.gct.mi.it\\\/news-leggere\\\/#article\",\"isPartOf\":{\"@id\":\"https:\\\/\\\/unione.gct.mi.it\\\/news-leggere\\\/\"},\"author\":{\"name\":\"sara\",\"@id\":\"https:\\\/\\\/unione.gct.mi.it\\\/it\\\/#\\\/schema\\\/person\\\/e2ce36b487f9e5fe676282a4077a617d\"},\"headline\":\"Testo unico sicurezza &#8211; Obbligo aggiornamento formativo per RLS\",\"datePublished\":\"2021-09-27T13:18:23+00:00\",\"dateModified\":\"2021-09-27T13:33:24+00:00\",\"mainEntityOfPage\":{\"@id\":\"https:\\\/\\\/unione.gct.mi.it\\\/news-leggere\\\/\"},\"wordCount\":441,\"commentCount\":0,\"publisher\":{\"@id\":\"https:\\\/\\\/unione.gct.mi.it\\\/it\\\/#organization\"},\"image\":{\"@id\":\"https:\\\/\\\/unione.gct.mi.it\\\/news-leggere\\\/#primaryimage\"},\"thumbnailUrl\":\"https:\\\/\\\/unione.gct.mi.it\\\/wp-content\\\/uploads\\\/sites\\\/3\\\/2021\\\/08\\\/RLS-GCT.jpeg\",\"articleSection\":[\"Formazione\",\"News\"],\"inLanguage\":\"it-IT\"},{\"@type\":\"WebPage\",\"@id\":\"https:\\\/\\\/unione.gct.mi.it\\\/news-leggere\\\/\",\"url\":\"https:\\\/\\\/unione.gct.mi.it\\\/news-leggere\\\/\",\"name\":\"Testo unico sicurezza - Obbligo aggiornamento formativo per RLS - Unione GCT\",\"isPartOf\":{\"@id\":\"https:\\\/\\\/unione.gct.mi.it\\\/it\\\/#website\"},\"primaryImageOfPage\":{\"@id\":\"https:\\\/\\\/unione.gct.mi.it\\\/news-leggere\\\/#primaryimage\"},\"image\":{\"@id\":\"https:\\\/\\\/unione.gct.mi.it\\\/news-leggere\\\/#primaryimage\"},\"thumbnailUrl\":\"https:\\\/\\\/unione.gct.mi.it\\\/wp-content\\\/uploads\\\/sites\\\/3\\\/2021\\\/08\\\/RLS-GCT.jpeg\",\"datePublished\":\"2021-09-27T13:18:23+00:00\",\"dateModified\":\"2021-09-27T13:33:24+00:00\",\"breadcrumb\":{\"@id\":\"https:\\\/\\\/unione.gct.mi.it\\\/news-leggere\\\/#breadcrumb\"},\"inLanguage\":\"it-IT\",\"potentialAction\":[{\"@type\":\"ReadAction\",\"target\":[\"https:\\\/\\\/unione.gct.mi.it\\\/news-leggere\\\/\"]}]},{\"@type\":\"ImageObject\",\"inLanguage\":\"it-IT\",\"@id\":\"https:\\\/\\\/unione.gct.mi.it\\\/news-leggere\\\/#primaryimage\",\"url\":\"https:\\\/\\\/unione.gct.mi.it\\\/wp-content\\\/uploads\\\/sites\\\/3\\\/2021\\\/08\\\/RLS-GCT.jpeg\",\"contentUrl\":\"https:\\\/\\\/unione.gct.mi.it\\\/wp-content\\\/uploads\\\/sites\\\/3\\\/2021\\\/08\\\/RLS-GCT.jpeg\",\"width\":1030,\"height\":577},{\"@type\":\"BreadcrumbList\",\"@id\":\"https:\\\/\\\/unione.gct.mi.it\\\/news-leggere\\\/#breadcrumb\",\"itemListElement\":[{\"@type\":\"ListItem\",\"position\":1,\"name\":\"Home\",\"item\":\"https:\\\/\\\/unione.gct.mi.it\\\/\"},{\"@type\":\"ListItem\",\"position\":2,\"name\":\"Testo unico sicurezza &#8211; Obbligo aggiornamento formativo per RLS\"}]},{\"@type\":\"WebSite\",\"@id\":\"https:\\\/\\\/unione.gct.mi.it\\\/it\\\/#website\",\"url\":\"https:\\\/\\\/unione.gct.mi.it\\\/it\\\/\",\"name\":\"Unione GCT\",\"description\":\"Unione Grafici Cartotecnici Trasformatori Carta\",\"publisher\":{\"@id\":\"https:\\\/\\\/unione.gct.mi.it\\\/it\\\/#organization\"},\"potentialAction\":[{\"@type\":\"SearchAction\",\"target\":{\"@type\":\"EntryPoint\",\"urlTemplate\":\"https:\\\/\\\/unione.gct.mi.it\\\/it\\\/?s={search_term_string}\"},\"query-input\":{\"@type\":\"PropertyValueSpecification\",\"valueRequired\":true,\"valueName\":\"search_term_string\"}}],\"inLanguage\":\"it-IT\"},{\"@type\":\"Organization\",\"@id\":\"https:\\\/\\\/unione.gct.mi.it\\\/it\\\/#organization\",\"name\":\"Unione Industriali Grafici Cartotecnici Trasformatori carta e affini della provincia di Milano\",\"url\":\"https:\\\/\\\/unione.gct.mi.it\\\/it\\\/\",\"logo\":{\"@type\":\"ImageObject\",\"inLanguage\":\"it-IT\",\"@id\":\"https:\\\/\\\/unione.gct.mi.it\\\/it\\\/#\\\/schema\\\/logo\\\/image\\\/\",\"url\":\"https:\\\/\\\/unione.gct.mi.it\\\/wp-content\\\/uploads\\\/sites\\\/3\\\/2021\\\/01\\\/logo-unione.jpg\",\"contentUrl\":\"https:\\\/\\\/unione.gct.mi.it\\\/wp-content\\\/uploads\\\/sites\\\/3\\\/2021\\\/01\\\/logo-unione.jpg\",\"width\":348,\"height\":98,\"caption\":\"Unione Industriali Grafici Cartotecnici Trasformatori carta e affini della provincia di Milano\"},\"image\":{\"@id\":\"https:\\\/\\\/unione.gct.mi.it\\\/it\\\/#\\\/schema\\\/logo\\\/image\\\/\"},\"sameAs\":[\"https:\\\/\\\/www.linkedin.com\\\/company\\\/gct-milano\"]},{\"@type\":\"Person\",\"@id\":\"https:\\\/\\\/unione.gct.mi.it\\\/it\\\/#\\\/schema\\\/person\\\/e2ce36b487f9e5fe676282a4077a617d\",\"name\":\"sara\",\"image\":{\"@type\":\"ImageObject\",\"inLanguage\":\"it-IT\",\"@id\":\"https:\\\/\\\/secure.gravatar.com\\\/avatar\\\/7dafbe3db507dd1ae557f42e512567b4ec38bea6c7d8b356b1e30b615cc8eb16?s=96&d=mm&r=g\",\"url\":\"https:\\\/\\\/secure.gravatar.com\\\/avatar\\\/7dafbe3db507dd1ae557f42e512567b4ec38bea6c7d8b356b1e30b615cc8eb16?s=96&d=mm&r=g\",\"contentUrl\":\"https:\\\/\\\/secure.gravatar.com\\\/avatar\\\/7dafbe3db507dd1ae557f42e512567b4ec38bea6c7d8b356b1e30b615cc8eb16?s=96&d=mm&r=g\",\"caption\":\"sara\"}}]}<\/script>\n<!-- \/ Yoast SEO plugin. -->","yoast_head_json":{"title":"Testo unico sicurezza - Obbligo aggiornamento formativo per RLS - Unione GCT","robots":{"index":"index","follow":"follow","max-snippet":"max-snippet:-1","max-image-preview":"max-image-preview:large","max-video-preview":"max-video-preview:-1"},"canonical":"https:\/\/unione.gct.mi.it\/news-leggere\/","og_locale":"it_IT","og_type":"article","og_title":"Testo unico sicurezza - Obbligo aggiornamento formativo per RLS - Unione GCT","og_description":"Le prossime edizioni del corso di aggiornamento formativo per Rappresentanti dei Lavoratori per la Sicurezza ai sensi dell&#8217;art. 37, comma 11, d.lgs. n. 81\/08 si terranno gioved\u00ec 23 settembre 2021 presso la nostra sede di Piazza Castello 28 a Milano dalle 9.00 alle 13.00 (4 ore) per Rls di imprese che occupano fino a 50 [&hellip;]","og_url":"https:\/\/unione.gct.mi.it\/news-leggere\/","og_site_name":"Unione GCT","article_published_time":"2021-09-27T13:18:23+00:00","article_modified_time":"2021-09-27T13:33:24+00:00","og_image":[{"width":1030,"height":577,"url":"https:\/\/unione.gct.mi.it\/wp-content\/uploads\/sites\/3\/2021\/08\/RLS-GCT.jpeg","type":"image\/jpeg"}],"author":"sara","twitter_card":"summary_large_image","twitter_misc":{"Scritto da":"sara","Tempo di lettura stimato":"3 minuti"},"schema":{"@context":"https:\/\/schema.org","@graph":[{"@type":"Article","@id":"https:\/\/unione.gct.mi.it\/news-leggere\/#article","isPartOf":{"@id":"https:\/\/unione.gct.mi.it\/news-leggere\/"},"author":{"name":"sara","@id":"https:\/\/unione.gct.mi.it\/it\/#\/schema\/person\/e2ce36b487f9e5fe676282a4077a617d"},"headline":"Testo unico sicurezza &#8211; Obbligo aggiornamento formativo per RLS","datePublished":"2021-09-27T13:18:23+00:00","dateModified":"2021-09-27T13:33:24+00:00","mainEntityOfPage":{"@id":"https:\/\/unione.gct.mi.it\/news-leggere\/"},"wordCount":441,"commentCount":0,"publisher":{"@id":"https:\/\/unione.gct.mi.it\/it\/#organization"},"image":{"@id":"https:\/\/unione.gct.mi.it\/news-leggere\/#primaryimage"},"thumbnailUrl":"https:\/\/unione.gct.mi.it\/wp-content\/uploads\/sites\/3\/2021\/08\/RLS-GCT.jpeg","articleSection":["Formazione","News"],"inLanguage":"it-IT"},{"@type":"WebPage","@id":"https:\/\/unione.gct.mi.it\/news-leggere\/","url":"https:\/\/unione.gct.mi.it\/news-leggere\/","name":"Testo unico sicurezza - Obbligo aggiornamento formativo per RLS - Unione GCT","isPartOf":{"@id":"https:\/\/unione.gct.mi.it\/it\/#website"},"primaryImageOfPage":{"@id":"https:\/\/unione.gct.mi.it\/news-leggere\/#primaryimage"},"image":{"@id":"https:\/\/unione.gct.mi.it\/news-leggere\/#primaryimage"},"thumbnailUrl":"https:\/\/unione.gct.mi.it\/wp-content\/uploads\/sites\/3\/2021\/08\/RLS-GCT.jpeg","datePublished":"2021-09-27T13:18:23+00:00","dateModified":"2021-09-27T13:33:24+00:00","breadcrumb":{"@id":"https:\/\/unione.gct.mi.it\/news-leggere\/#breadcrumb"},"inLanguage":"it-IT","potentialAction":[{"@type":"ReadAction","target":["https:\/\/unione.gct.mi.it\/news-leggere\/"]}]},{"@type":"ImageObject","inLanguage":"it-IT","@id":"https:\/\/unione.gct.mi.it\/news-leggere\/#primaryimage","url":"https:\/\/unione.gct.mi.it\/wp-content\/uploads\/sites\/3\/2021\/08\/RLS-GCT.jpeg","contentUrl":"https:\/\/unione.gct.mi.it\/wp-content\/uploads\/sites\/3\/2021\/08\/RLS-GCT.jpeg","width":1030,"height":577},{"@type":"BreadcrumbList","@id":"https:\/\/unione.gct.mi.it\/news-leggere\/#breadcrumb","itemListElement":[{"@type":"ListItem","position":1,"name":"Home","item":"https:\/\/unione.gct.mi.it\/"},{"@type":"ListItem","position":2,"name":"Testo unico sicurezza &#8211; Obbligo aggiornamento formativo per RLS"}]},{"@type":"WebSite","@id":"https:\/\/unione.gct.mi.it\/it\/#website","url":"https:\/\/unione.gct.mi.it\/it\/","name":"Unione GCT","description":"Unione Grafici Cartotecnici Trasformatori Carta","publisher":{"@id":"https:\/\/unione.gct.mi.it\/it\/#organization"},"potentialAction":[{"@type":"SearchAction","target":{"@type":"EntryPoint","urlTemplate":"https:\/\/unione.gct.mi.it\/it\/?s={search_term_string}"},"query-input":{"@type":"PropertyValueSpecification","valueRequired":true,"valueName":"search_term_string"}}],"inLanguage":"it-IT"},{"@type":"Organization","@id":"https:\/\/unione.gct.mi.it\/it\/#organization","name":"Unione Industriali Grafici Cartotecnici Trasformatori carta e affini della provincia di Milano","url":"https:\/\/unione.gct.mi.it\/it\/","logo":{"@type":"ImageObject","inLanguage":"it-IT","@id":"https:\/\/unione.gct.mi.it\/it\/#\/schema\/logo\/image\/","url":"https:\/\/unione.gct.mi.it\/wp-content\/uploads\/sites\/3\/2021\/01\/logo-unione.jpg","contentUrl":"https:\/\/unione.gct.mi.it\/wp-content\/uploads\/sites\/3\/2021\/01\/logo-unione.jpg","width":348,"height":98,"caption":"Unione Industriali Grafici Cartotecnici Trasformatori carta e affini della provincia di Milano"},"image":{"@id":"https:\/\/unione.gct.mi.it\/it\/#\/schema\/logo\/image\/"},"sameAs":["https:\/\/www.linkedin.com\/company\/gct-milano"]},{"@type":"Person","@id":"https:\/\/unione.gct.mi.it\/it\/#\/schema\/person\/e2ce36b487f9e5fe676282a4077a617d","name":"sara","image":{"@type":"ImageObject","inLanguage":"it-IT","@id":"https:\/\/secure.gravatar.com\/avatar\/7dafbe3db507dd1ae557f42e512567b4ec38bea6c7d8b356b1e30b615cc8eb16?s=96&d=mm&r=g","url":"https:\/\/secure.gravatar.com\/avatar\/7dafbe3db507dd1ae557f42e512567b4ec38bea6c7d8b356b1e30b615cc8eb16?s=96&d=mm&r=g","contentUrl":"https:\/\/secure.gravatar.com\/avatar\/7dafbe3db507dd1ae557f42e512567b4ec38bea6c7d8b356b1e30b615cc8eb16?s=96&d=mm&r=g","caption":"sara"}}]}},"_links":{"self":[{"href":"https:\/\/unione.gct.mi.it\/it\/wp-json\/wp\/v2\/posts\/510","targetHints":{"allow":["GET"]}}],"collection":[{"href":"https:\/\/unione.gct.mi.it\/it\/wp-json\/wp\/v2\/posts"}],"about":[{"href":"https:\/\/unione.gct.mi.it\/it\/wp-json\/wp\/v2\/types\/post"}],"author":[{"embeddable":true,"href":"https:\/\/unione.gct.mi.it\/it\/wp-json\/wp\/v2\/users\/6"}],"replies":[{"embeddable":true,"href":"https:\/\/unione.gct.mi.it\/it\/wp-json\/wp\/v2\/comments?post=510"}],"version-history":[{"count":3,"href":"https:\/\/unione.gct.mi.it\/it\/wp-json\/wp\/v2\/posts\/510\/revisions"}],"predecessor-version":[{"id":669,"href":"https:\/\/unione.gct.mi.it\/it\/wp-json\/wp\/v2\/posts\/510\/revisions\/669"}],"wp:featuredmedia":[{"embeddable":true,"href":"https:\/\/unione.gct.mi.it\/it\/wp-json\/wp\/v2\/media\/668"}],"wp:attachment":[{"href":"https:\/\/unione.gct.mi.it\/it\/wp-json\/wp\/v2\/media?parent=510"}],"wp:term":[{"taxonomy":"category","embeddable":true,"href":"https:\/\/unione.gct.mi.it\/it\/wp-json\/wp\/v2\/categories?post=510"},{"taxonomy":"post_tag","embeddable":true,"href":"https:\/\/unione.gct.mi.it\/it\/wp-json\/wp\/v2\/tags?post=510"},{"taxonomy":"fonte","embeddable":true,"href":"https:\/\/unione.gct.mi.it\/it\/wp-json\/wp\/v2\/fonte?post=510"},{"taxonomy":"posizione","embeddable":true,"href":"https:\/\/unione.gct.mi.it\/it\/wp-json\/wp\/v2\/posizione?post=510"}],"curies":[{"name":"wp","href":"https:\/\/api.w.org\/{rel}","templated":true}]}}