{"id":2943,"date":"2026-04-30T11:52:35","date_gmt":"2026-04-30T09:52:35","guid":{"rendered":"https:\/\/assografici.it\/?p=9056"},"modified":"2026-04-30T11:56:00","modified_gmt":"2026-04-30T09:56:00","slug":"il-diavolo-in-tasca-il-libro-fra-le-mani-il-14-maggio-al-salone-di-torino-il-digitale-responsabile-secondo-la-federazione","status":"publish","type":"post","link":"https:\/\/unione.gct.mi.it\/it\/il-diavolo-in-tasca-il-libro-fra-le-mani-il-14-maggio-al-salone-di-torino-il-digitale-responsabile-secondo-la-federazione\/","title":{"rendered":"\u201cIl diavolo in tasca, il libro fra le mani\u201d: il 14 maggio al Salone di Torino il \u201cdigitale responsabile\u201d secondo la Federazione"},"content":{"rendered":"<p>\u201cIl diavolo in tasca, il libro fra le mani\u201d: \u00e8 il titolo dell\u2019incontro che la Federazione Carta e Grafica organizza per l\u2019imminente Salone Internazionale del Libro di Torino. Vedr\u00e0 protagonisti il giornalista Carlo Verdelli e il presidente del Centro per il libro e la lettura del Ministero della Cultura Giuseppe Iannaccone, moderati dal direttore della Fondazione Mondadori Carlo Verri. Appuntamento nella giornata inaugurale del Salone, gioved\u00ec 14 maggio (ore 12.45, nella prestigiosa sala del Caff\u00e8 letterario Lavazza).<\/p>\n<p>Nel dibattito, introdotto dal consigliere della Federazione Carta e Grafica Carlo Emanuele Bona, sar\u00e0 presentato il libro \u201cIl diavolo in tasca\u201d (editore Einaudi) con il quale Verdelli lancia e motiva l\u2019allarme sulla dipendenza da cellulare e sulle conseguenze del capitalismo digitale. Il reportage \u00e8 puntuale e documentato. Il giornalista \u2013 che ha diretto quotidiani e periodici quali la Repubblica, la Gazzetta dello Sport, Sette, Vanity Fair, Oggi \u2013 racconta di genitori e figli prigionieri del telefonino, mostra gli eccessi, indica possibili soluzioni. Prima fra tutte, il giusto mix fra gli ormai irrinunciabili schermi e le attivit\u00e0 analogiche, rispettose dei cinque sensi e delle nostre caratteristiche neurofunzionali. \u00c8 quell\u2019obiettivo del \u201cdigitale responsabile\u201d su cui da anni insiste la Federazione Carta e Grafica. Indispensabile \u00e8 agire con efficacia fin dall\u2019et\u00e0 formativa, quando la lettura su carta e le attivit\u00e0 analogiche, come la scrittura a mano e tutto ci\u00f2 che \u00e8 connesso alla corporeit\u00e0, sono fattori dei quali non si pu\u00f2 fare a meno per alimentare lo spirito critico e l\u2019intelligenza.<\/p>\n<p>L\u2019incontro \u00e8 sviluppato in collaborazione con l\u2019Unione degli Industriali di Torino, che celebra il proprio 120\u00b0 anniversario, in coerenza con \u201cIl mondo salvato dai ragazzini\u201d, tema della XXXVIII edizione del Salone Internazionale del Libro focalizzato sullo scambio generazionale condizionato dalle nuove tecnologie, che hanno rivoluzionato le forme di trasmissione della cultura.<\/p>\n<p>Con l\u2019evento la Federazione Carta e Grafica d\u00e0 seguito all\u2019attivit\u00e0 sviluppata fin dalla sua fondazione per studiare e mettere a confronto i comportamenti degli adulti, le tendenze dei pi\u00f9 giovani e le dinamiche educative e formative. Un percorso che viene portato avanti attraverso il confronto e le iniziative con interlocutori e partner di primo piano, quali il Centro per il libro e la lettura del Ministero della Cultura e l\u2019Osservatorio Carta Penna e Digitale della Fondazione Luigi Einaudi.<\/p>\n<p><span style=\"color: #0000ff;\"><a style=\"color: #0000ff;\" href=\"https:\/\/assografici.it\/wp-content\/uploads\/2026\/04\/Locandina-FCG_TORINO-140526.pdf\" target=\"_blank\" rel=\"noopener\">Qui la locandina con il programma dell&#8217;evento<\/a><\/span><\/p>\n","protected":false},"excerpt":{"rendered":"<p>\u201cIl diavolo in tasca, il libro fra le mani\u201d: \u00e8 il titolo dell\u2019incontro che la Federazione Carta e Grafica organizza per l\u2019imminente Salone Internazionale del Libro di Torino. Vedr\u00e0 protagonisti il giornalista Carlo Verdelli e il presidente del Centro per il libro e la lettura del Ministero della Cultura Giuseppe Iannaccone, moderati dal direttore della [&hellip;]<\/p>\n","protected":false},"author":8,"featured_media":2944,"comment_status":"closed","ping_status":"closed","sticky":false,"template":"","format":"standard","meta":{"_acf_changed":false,"_et_pb_use_builder":"","_et_pb_old_content":"","_et_gb_content_width":"","inline_featured_image":false,"footnotes":""},"categories":[78],"tags":[],"fonte":[91],"posizione":[65],"class_list":["post-2943","post","type-post","status-publish","format-standard","has-post-thumbnail","hentry","category-lettura","fonte-federazione-carta-e-grafica-2","posizione-news-di-sistema"],"acf":[],"yoast_head":"<!-- This site is optimized with the Yoast SEO plugin v27.5 - https:\/\/yoast.com\/product\/yoast-seo-wordpress\/ -->\n<title>\u201cIl diavolo in tasca, il libro fra le mani\u201d: il 14 maggio al Salone di Torino il \u201cdigitale responsabile\u201d secondo la Federazione - Unione GCT<\/title>\n<meta name=\"robots\" content=\"index, follow, max-snippet:-1, max-image-preview:large, max-video-preview:-1\" \/>\n<link rel=\"canonical\" href=\"https:\/\/unione.gct.mi.it\/it\/il-diavolo-in-tasca-il-libro-fra-le-mani-il-14-maggio-al-salone-di-torino-il-digitale-responsabile-secondo-la-federazione\/\" \/>\n<meta property=\"og:locale\" content=\"it_IT\" \/>\n<meta property=\"og:type\" content=\"article\" \/>\n<meta property=\"og:title\" content=\"\u201cIl diavolo in tasca, il libro fra le mani\u201d: il 14 maggio al Salone di Torino il \u201cdigitale responsabile\u201d secondo la Federazione - Unione GCT\" \/>\n<meta property=\"og:description\" content=\"\u201cIl diavolo in tasca, il libro fra le mani\u201d: \u00e8 il titolo dell\u2019incontro che la Federazione Carta e Grafica organizza per l\u2019imminente Salone Internazionale del Libro di Torino. Vedr\u00e0 protagonisti il giornalista Carlo Verdelli e il presidente del Centro per il libro e la lettura del Ministero della Cultura Giuseppe Iannaccone, moderati dal direttore della [&hellip;]\" \/>\n<meta property=\"og:url\" content=\"https:\/\/unione.gct.mi.it\/it\/il-diavolo-in-tasca-il-libro-fra-le-mani-il-14-maggio-al-salone-di-torino-il-digitale-responsabile-secondo-la-federazione\/\" \/>\n<meta property=\"og:site_name\" content=\"Unione GCT\" \/>\n<meta property=\"article:published_time\" content=\"2026-04-30T09:52:35+00:00\" \/>\n<meta property=\"article:modified_time\" content=\"2026-04-30T09:56:00+00:00\" \/>\n<meta property=\"og:image\" content=\"https:\/\/unione.gct.mi.it\/wp-content\/uploads\/sites\/3\/2026\/04\/Cover-Salone-libro-TO-2026.png\" \/>\n\t<meta property=\"og:image:width\" content=\"750\" \/>\n\t<meta property=\"og:image:height\" content=\"502\" \/>\n\t<meta property=\"og:image:type\" content=\"image\/png\" \/>\n<meta name=\"author\" content=\"ruggero\" \/>\n<meta name=\"twitter:card\" content=\"summary_large_image\" \/>\n<meta name=\"twitter:label1\" content=\"Scritto da\" \/>\n\t<meta name=\"twitter:data1\" content=\"ruggero\" \/>\n\t<meta name=\"twitter:label2\" content=\"Tempo di lettura stimato\" \/>\n\t<meta name=\"twitter:data2\" content=\"3 minuti\" \/>\n<script type=\"application\/ld+json\" class=\"yoast-schema-graph\">{\"@context\":\"https:\\\/\\\/schema.org\",\"@graph\":[{\"@type\":\"Article\",\"@id\":\"https:\\\/\\\/unione.gct.mi.it\\\/it\\\/il-diavolo-in-tasca-il-libro-fra-le-mani-il-14-maggio-al-salone-di-torino-il-digitale-responsabile-secondo-la-federazione\\\/#article\",\"isPartOf\":{\"@id\":\"https:\\\/\\\/unione.gct.mi.it\\\/it\\\/il-diavolo-in-tasca-il-libro-fra-le-mani-il-14-maggio-al-salone-di-torino-il-digitale-responsabile-secondo-la-federazione\\\/\"},\"author\":{\"name\":\"ruggero\",\"@id\":\"https:\\\/\\\/unione.gct.mi.it\\\/it\\\/#\\\/schema\\\/person\\\/d9e69f409f0f83e24b4b3e2d331a3589\"},\"headline\":\"\u201cIl diavolo in tasca, il libro fra le mani\u201d: il 14 maggio al Salone di Torino il \u201cdigitale responsabile\u201d secondo la Federazione\",\"datePublished\":\"2026-04-30T09:52:35+00:00\",\"dateModified\":\"2026-04-30T09:56:00+00:00\",\"mainEntityOfPage\":{\"@id\":\"https:\\\/\\\/unione.gct.mi.it\\\/it\\\/il-diavolo-in-tasca-il-libro-fra-le-mani-il-14-maggio-al-salone-di-torino-il-digitale-responsabile-secondo-la-federazione\\\/\"},\"wordCount\":403,\"publisher\":{\"@id\":\"https:\\\/\\\/unione.gct.mi.it\\\/it\\\/#organization\"},\"image\":{\"@id\":\"https:\\\/\\\/unione.gct.mi.it\\\/it\\\/il-diavolo-in-tasca-il-libro-fra-le-mani-il-14-maggio-al-salone-di-torino-il-digitale-responsabile-secondo-la-federazione\\\/#primaryimage\"},\"thumbnailUrl\":\"https:\\\/\\\/unione.gct.mi.it\\\/wp-content\\\/uploads\\\/sites\\\/3\\\/2026\\\/04\\\/Cover-Salone-libro-TO-2026.png\",\"articleSection\":[\"Lettura\"],\"inLanguage\":\"it-IT\"},{\"@type\":\"WebPage\",\"@id\":\"https:\\\/\\\/unione.gct.mi.it\\\/it\\\/il-diavolo-in-tasca-il-libro-fra-le-mani-il-14-maggio-al-salone-di-torino-il-digitale-responsabile-secondo-la-federazione\\\/\",\"url\":\"https:\\\/\\\/unione.gct.mi.it\\\/it\\\/il-diavolo-in-tasca-il-libro-fra-le-mani-il-14-maggio-al-salone-di-torino-il-digitale-responsabile-secondo-la-federazione\\\/\",\"name\":\"\u201cIl diavolo in tasca, il libro fra le mani\u201d: il 14 maggio al Salone di Torino il \u201cdigitale responsabile\u201d secondo la Federazione - Unione GCT\",\"isPartOf\":{\"@id\":\"https:\\\/\\\/unione.gct.mi.it\\\/it\\\/#website\"},\"primaryImageOfPage\":{\"@id\":\"https:\\\/\\\/unione.gct.mi.it\\\/it\\\/il-diavolo-in-tasca-il-libro-fra-le-mani-il-14-maggio-al-salone-di-torino-il-digitale-responsabile-secondo-la-federazione\\\/#primaryimage\"},\"image\":{\"@id\":\"https:\\\/\\\/unione.gct.mi.it\\\/it\\\/il-diavolo-in-tasca-il-libro-fra-le-mani-il-14-maggio-al-salone-di-torino-il-digitale-responsabile-secondo-la-federazione\\\/#primaryimage\"},\"thumbnailUrl\":\"https:\\\/\\\/unione.gct.mi.it\\\/wp-content\\\/uploads\\\/sites\\\/3\\\/2026\\\/04\\\/Cover-Salone-libro-TO-2026.png\",\"datePublished\":\"2026-04-30T09:52:35+00:00\",\"dateModified\":\"2026-04-30T09:56:00+00:00\",\"breadcrumb\":{\"@id\":\"https:\\\/\\\/unione.gct.mi.it\\\/it\\\/il-diavolo-in-tasca-il-libro-fra-le-mani-il-14-maggio-al-salone-di-torino-il-digitale-responsabile-secondo-la-federazione\\\/#breadcrumb\"},\"inLanguage\":\"it-IT\",\"potentialAction\":[{\"@type\":\"ReadAction\",\"target\":[\"https:\\\/\\\/unione.gct.mi.it\\\/it\\\/il-diavolo-in-tasca-il-libro-fra-le-mani-il-14-maggio-al-salone-di-torino-il-digitale-responsabile-secondo-la-federazione\\\/\"]}]},{\"@type\":\"ImageObject\",\"inLanguage\":\"it-IT\",\"@id\":\"https:\\\/\\\/unione.gct.mi.it\\\/it\\\/il-diavolo-in-tasca-il-libro-fra-le-mani-il-14-maggio-al-salone-di-torino-il-digitale-responsabile-secondo-la-federazione\\\/#primaryimage\",\"url\":\"https:\\\/\\\/unione.gct.mi.it\\\/wp-content\\\/uploads\\\/sites\\\/3\\\/2026\\\/04\\\/Cover-Salone-libro-TO-2026.png\",\"contentUrl\":\"https:\\\/\\\/unione.gct.mi.it\\\/wp-content\\\/uploads\\\/sites\\\/3\\\/2026\\\/04\\\/Cover-Salone-libro-TO-2026.png\",\"width\":750,\"height\":502},{\"@type\":\"BreadcrumbList\",\"@id\":\"https:\\\/\\\/unione.gct.mi.it\\\/it\\\/il-diavolo-in-tasca-il-libro-fra-le-mani-il-14-maggio-al-salone-di-torino-il-digitale-responsabile-secondo-la-federazione\\\/#breadcrumb\",\"itemListElement\":[{\"@type\":\"ListItem\",\"position\":1,\"name\":\"Home\",\"item\":\"https:\\\/\\\/unione.gct.mi.it\\\/\"},{\"@type\":\"ListItem\",\"position\":2,\"name\":\"\u201cIl diavolo in tasca, il libro fra le mani\u201d: il 14 maggio al Salone di Torino il \u201cdigitale responsabile\u201d secondo la Federazione\"}]},{\"@type\":\"WebSite\",\"@id\":\"https:\\\/\\\/unione.gct.mi.it\\\/it\\\/#website\",\"url\":\"https:\\\/\\\/unione.gct.mi.it\\\/it\\\/\",\"name\":\"Unione GCT\",\"description\":\"Unione Grafici Cartotecnici Trasformatori Carta\",\"publisher\":{\"@id\":\"https:\\\/\\\/unione.gct.mi.it\\\/it\\\/#organization\"},\"potentialAction\":[{\"@type\":\"SearchAction\",\"target\":{\"@type\":\"EntryPoint\",\"urlTemplate\":\"https:\\\/\\\/unione.gct.mi.it\\\/it\\\/?s={search_term_string}\"},\"query-input\":{\"@type\":\"PropertyValueSpecification\",\"valueRequired\":true,\"valueName\":\"search_term_string\"}}],\"inLanguage\":\"it-IT\"},{\"@type\":\"Organization\",\"@id\":\"https:\\\/\\\/unione.gct.mi.it\\\/it\\\/#organization\",\"name\":\"Unione Industriali Grafici Cartotecnici Trasformatori carta e affini della provincia di Milano\",\"url\":\"https:\\\/\\\/unione.gct.mi.it\\\/it\\\/\",\"logo\":{\"@type\":\"ImageObject\",\"inLanguage\":\"it-IT\",\"@id\":\"https:\\\/\\\/unione.gct.mi.it\\\/it\\\/#\\\/schema\\\/logo\\\/image\\\/\",\"url\":\"https:\\\/\\\/unione.gct.mi.it\\\/wp-content\\\/uploads\\\/sites\\\/3\\\/2021\\\/01\\\/logo-unione.jpg\",\"contentUrl\":\"https:\\\/\\\/unione.gct.mi.it\\\/wp-content\\\/uploads\\\/sites\\\/3\\\/2021\\\/01\\\/logo-unione.jpg\",\"width\":348,\"height\":98,\"caption\":\"Unione Industriali Grafici Cartotecnici Trasformatori carta e affini della provincia di Milano\"},\"image\":{\"@id\":\"https:\\\/\\\/unione.gct.mi.it\\\/it\\\/#\\\/schema\\\/logo\\\/image\\\/\"},\"sameAs\":[\"https:\\\/\\\/www.linkedin.com\\\/company\\\/gct-milano\"]},{\"@type\":\"Person\",\"@id\":\"https:\\\/\\\/unione.gct.mi.it\\\/it\\\/#\\\/schema\\\/person\\\/d9e69f409f0f83e24b4b3e2d331a3589\",\"name\":\"ruggero\",\"image\":{\"@type\":\"ImageObject\",\"inLanguage\":\"it-IT\",\"@id\":\"https:\\\/\\\/secure.gravatar.com\\\/avatar\\\/3161daf3d18a4a2a6a7cb7e278ccc5dda11e65c90c54e4b3367113765b8182ba?s=96&d=mm&r=g\",\"url\":\"https:\\\/\\\/secure.gravatar.com\\\/avatar\\\/3161daf3d18a4a2a6a7cb7e278ccc5dda11e65c90c54e4b3367113765b8182ba?s=96&d=mm&r=g\",\"contentUrl\":\"https:\\\/\\\/secure.gravatar.com\\\/avatar\\\/3161daf3d18a4a2a6a7cb7e278ccc5dda11e65c90c54e4b3367113765b8182ba?s=96&d=mm&r=g\",\"caption\":\"ruggero\"}}]}<\/script>\n<!-- \/ Yoast SEO plugin. -->","yoast_head_json":{"title":"\u201cIl diavolo in tasca, il libro fra le mani\u201d: il 14 maggio al Salone di Torino il \u201cdigitale responsabile\u201d secondo la Federazione - Unione GCT","robots":{"index":"index","follow":"follow","max-snippet":"max-snippet:-1","max-image-preview":"max-image-preview:large","max-video-preview":"max-video-preview:-1"},"canonical":"https:\/\/unione.gct.mi.it\/it\/il-diavolo-in-tasca-il-libro-fra-le-mani-il-14-maggio-al-salone-di-torino-il-digitale-responsabile-secondo-la-federazione\/","og_locale":"it_IT","og_type":"article","og_title":"\u201cIl diavolo in tasca, il libro fra le mani\u201d: il 14 maggio al Salone di Torino il \u201cdigitale responsabile\u201d secondo la Federazione - Unione GCT","og_description":"\u201cIl diavolo in tasca, il libro fra le mani\u201d: \u00e8 il titolo dell\u2019incontro che la Federazione Carta e Grafica organizza per l\u2019imminente Salone Internazionale del Libro di Torino. Vedr\u00e0 protagonisti il giornalista Carlo Verdelli e il presidente del Centro per il libro e la lettura del Ministero della Cultura Giuseppe Iannaccone, moderati dal direttore della [&hellip;]","og_url":"https:\/\/unione.gct.mi.it\/it\/il-diavolo-in-tasca-il-libro-fra-le-mani-il-14-maggio-al-salone-di-torino-il-digitale-responsabile-secondo-la-federazione\/","og_site_name":"Unione GCT","article_published_time":"2026-04-30T09:52:35+00:00","article_modified_time":"2026-04-30T09:56:00+00:00","og_image":[{"width":750,"height":502,"url":"https:\/\/unione.gct.mi.it\/wp-content\/uploads\/sites\/3\/2026\/04\/Cover-Salone-libro-TO-2026.png","type":"image\/png"}],"author":"ruggero","twitter_card":"summary_large_image","twitter_misc":{"Scritto da":"ruggero","Tempo di lettura stimato":"3 minuti"},"schema":{"@context":"https:\/\/schema.org","@graph":[{"@type":"Article","@id":"https:\/\/unione.gct.mi.it\/it\/il-diavolo-in-tasca-il-libro-fra-le-mani-il-14-maggio-al-salone-di-torino-il-digitale-responsabile-secondo-la-federazione\/#article","isPartOf":{"@id":"https:\/\/unione.gct.mi.it\/it\/il-diavolo-in-tasca-il-libro-fra-le-mani-il-14-maggio-al-salone-di-torino-il-digitale-responsabile-secondo-la-federazione\/"},"author":{"name":"ruggero","@id":"https:\/\/unione.gct.mi.it\/it\/#\/schema\/person\/d9e69f409f0f83e24b4b3e2d331a3589"},"headline":"\u201cIl diavolo in tasca, il libro fra le mani\u201d: il 14 maggio al Salone di Torino il \u201cdigitale responsabile\u201d secondo la Federazione","datePublished":"2026-04-30T09:52:35+00:00","dateModified":"2026-04-30T09:56:00+00:00","mainEntityOfPage":{"@id":"https:\/\/unione.gct.mi.it\/it\/il-diavolo-in-tasca-il-libro-fra-le-mani-il-14-maggio-al-salone-di-torino-il-digitale-responsabile-secondo-la-federazione\/"},"wordCount":403,"publisher":{"@id":"https:\/\/unione.gct.mi.it\/it\/#organization"},"image":{"@id":"https:\/\/unione.gct.mi.it\/it\/il-diavolo-in-tasca-il-libro-fra-le-mani-il-14-maggio-al-salone-di-torino-il-digitale-responsabile-secondo-la-federazione\/#primaryimage"},"thumbnailUrl":"https:\/\/unione.gct.mi.it\/wp-content\/uploads\/sites\/3\/2026\/04\/Cover-Salone-libro-TO-2026.png","articleSection":["Lettura"],"inLanguage":"it-IT"},{"@type":"WebPage","@id":"https:\/\/unione.gct.mi.it\/it\/il-diavolo-in-tasca-il-libro-fra-le-mani-il-14-maggio-al-salone-di-torino-il-digitale-responsabile-secondo-la-federazione\/","url":"https:\/\/unione.gct.mi.it\/it\/il-diavolo-in-tasca-il-libro-fra-le-mani-il-14-maggio-al-salone-di-torino-il-digitale-responsabile-secondo-la-federazione\/","name":"\u201cIl diavolo in tasca, il libro fra le mani\u201d: il 14 maggio al Salone di Torino il \u201cdigitale responsabile\u201d secondo la Federazione - Unione GCT","isPartOf":{"@id":"https:\/\/unione.gct.mi.it\/it\/#website"},"primaryImageOfPage":{"@id":"https:\/\/unione.gct.mi.it\/it\/il-diavolo-in-tasca-il-libro-fra-le-mani-il-14-maggio-al-salone-di-torino-il-digitale-responsabile-secondo-la-federazione\/#primaryimage"},"image":{"@id":"https:\/\/unione.gct.mi.it\/it\/il-diavolo-in-tasca-il-libro-fra-le-mani-il-14-maggio-al-salone-di-torino-il-digitale-responsabile-secondo-la-federazione\/#primaryimage"},"thumbnailUrl":"https:\/\/unione.gct.mi.it\/wp-content\/uploads\/sites\/3\/2026\/04\/Cover-Salone-libro-TO-2026.png","datePublished":"2026-04-30T09:52:35+00:00","dateModified":"2026-04-30T09:56:00+00:00","breadcrumb":{"@id":"https:\/\/unione.gct.mi.it\/it\/il-diavolo-in-tasca-il-libro-fra-le-mani-il-14-maggio-al-salone-di-torino-il-digitale-responsabile-secondo-la-federazione\/#breadcrumb"},"inLanguage":"it-IT","potentialAction":[{"@type":"ReadAction","target":["https:\/\/unione.gct.mi.it\/it\/il-diavolo-in-tasca-il-libro-fra-le-mani-il-14-maggio-al-salone-di-torino-il-digitale-responsabile-secondo-la-federazione\/"]}]},{"@type":"ImageObject","inLanguage":"it-IT","@id":"https:\/\/unione.gct.mi.it\/it\/il-diavolo-in-tasca-il-libro-fra-le-mani-il-14-maggio-al-salone-di-torino-il-digitale-responsabile-secondo-la-federazione\/#primaryimage","url":"https:\/\/unione.gct.mi.it\/wp-content\/uploads\/sites\/3\/2026\/04\/Cover-Salone-libro-TO-2026.png","contentUrl":"https:\/\/unione.gct.mi.it\/wp-content\/uploads\/sites\/3\/2026\/04\/Cover-Salone-libro-TO-2026.png","width":750,"height":502},{"@type":"BreadcrumbList","@id":"https:\/\/unione.gct.mi.it\/it\/il-diavolo-in-tasca-il-libro-fra-le-mani-il-14-maggio-al-salone-di-torino-il-digitale-responsabile-secondo-la-federazione\/#breadcrumb","itemListElement":[{"@type":"ListItem","position":1,"name":"Home","item":"https:\/\/unione.gct.mi.it\/"},{"@type":"ListItem","position":2,"name":"\u201cIl diavolo in tasca, il libro fra le mani\u201d: il 14 maggio al Salone di Torino il \u201cdigitale responsabile\u201d secondo la Federazione"}]},{"@type":"WebSite","@id":"https:\/\/unione.gct.mi.it\/it\/#website","url":"https:\/\/unione.gct.mi.it\/it\/","name":"Unione GCT","description":"Unione Grafici Cartotecnici Trasformatori Carta","publisher":{"@id":"https:\/\/unione.gct.mi.it\/it\/#organization"},"potentialAction":[{"@type":"SearchAction","target":{"@type":"EntryPoint","urlTemplate":"https:\/\/unione.gct.mi.it\/it\/?s={search_term_string}"},"query-input":{"@type":"PropertyValueSpecification","valueRequired":true,"valueName":"search_term_string"}}],"inLanguage":"it-IT"},{"@type":"Organization","@id":"https:\/\/unione.gct.mi.it\/it\/#organization","name":"Unione Industriali Grafici Cartotecnici Trasformatori carta e affini della provincia di Milano","url":"https:\/\/unione.gct.mi.it\/it\/","logo":{"@type":"ImageObject","inLanguage":"it-IT","@id":"https:\/\/unione.gct.mi.it\/it\/#\/schema\/logo\/image\/","url":"https:\/\/unione.gct.mi.it\/wp-content\/uploads\/sites\/3\/2021\/01\/logo-unione.jpg","contentUrl":"https:\/\/unione.gct.mi.it\/wp-content\/uploads\/sites\/3\/2021\/01\/logo-unione.jpg","width":348,"height":98,"caption":"Unione Industriali Grafici Cartotecnici Trasformatori carta e affini della provincia di Milano"},"image":{"@id":"https:\/\/unione.gct.mi.it\/it\/#\/schema\/logo\/image\/"},"sameAs":["https:\/\/www.linkedin.com\/company\/gct-milano"]},{"@type":"Person","@id":"https:\/\/unione.gct.mi.it\/it\/#\/schema\/person\/d9e69f409f0f83e24b4b3e2d331a3589","name":"ruggero","image":{"@type":"ImageObject","inLanguage":"it-IT","@id":"https:\/\/secure.gravatar.com\/avatar\/3161daf3d18a4a2a6a7cb7e278ccc5dda11e65c90c54e4b3367113765b8182ba?s=96&d=mm&r=g","url":"https:\/\/secure.gravatar.com\/avatar\/3161daf3d18a4a2a6a7cb7e278ccc5dda11e65c90c54e4b3367113765b8182ba?s=96&d=mm&r=g","contentUrl":"https:\/\/secure.gravatar.com\/avatar\/3161daf3d18a4a2a6a7cb7e278ccc5dda11e65c90c54e4b3367113765b8182ba?s=96&d=mm&r=g","caption":"ruggero"}}]}},"_links":{"self":[{"href":"https:\/\/unione.gct.mi.it\/it\/wp-json\/wp\/v2\/posts\/2943","targetHints":{"allow":["GET"]}}],"collection":[{"href":"https:\/\/unione.gct.mi.it\/it\/wp-json\/wp\/v2\/posts"}],"about":[{"href":"https:\/\/unione.gct.mi.it\/it\/wp-json\/wp\/v2\/types\/post"}],"author":[{"embeddable":true,"href":"https:\/\/unione.gct.mi.it\/it\/wp-json\/wp\/v2\/users\/8"}],"replies":[{"embeddable":true,"href":"https:\/\/unione.gct.mi.it\/it\/wp-json\/wp\/v2\/comments?post=2943"}],"version-history":[{"count":1,"href":"https:\/\/unione.gct.mi.it\/it\/wp-json\/wp\/v2\/posts\/2943\/revisions"}],"predecessor-version":[{"id":2947,"href":"https:\/\/unione.gct.mi.it\/it\/wp-json\/wp\/v2\/posts\/2943\/revisions\/2947"}],"wp:featuredmedia":[{"embeddable":true,"href":"https:\/\/unione.gct.mi.it\/it\/wp-json\/wp\/v2\/media\/2944"}],"wp:attachment":[{"href":"https:\/\/unione.gct.mi.it\/it\/wp-json\/wp\/v2\/media?parent=2943"}],"wp:term":[{"taxonomy":"category","embeddable":true,"href":"https:\/\/unione.gct.mi.it\/it\/wp-json\/wp\/v2\/categories?post=2943"},{"taxonomy":"post_tag","embeddable":true,"href":"https:\/\/unione.gct.mi.it\/it\/wp-json\/wp\/v2\/tags?post=2943"},{"taxonomy":"fonte","embeddable":true,"href":"https:\/\/unione.gct.mi.it\/it\/wp-json\/wp\/v2\/fonte?post=2943"},{"taxonomy":"posizione","embeddable":true,"href":"https:\/\/unione.gct.mi.it\/it\/wp-json\/wp\/v2\/posizione?post=2943"}],"curies":[{"name":"wp","href":"https:\/\/api.w.org\/{rel}","templated":true}]}}