{"id":2939,"date":"2026-04-28T13:05:51","date_gmt":"2026-04-28T11:05:51","guid":{"rendered":"https:\/\/assografici.it\/?p=9049"},"modified":"2026-04-28T13:08:05","modified_gmt":"2026-04-28T11:08:05","slug":"verso-lentrata-in-vigore-del-ppwr-tra-conferme-e-sorprese-webinar-6-maggio-2026-ore-10-30","status":"publish","type":"post","link":"https:\/\/unione.gct.mi.it\/it\/verso-lentrata-in-vigore-del-ppwr-tra-conferme-e-sorprese-webinar-6-maggio-2026-ore-10-30\/","title":{"rendered":"Verso l&#8217;entrata in vigore del PPWR tra conferme e sorprese &#8211; Webinar 6 maggio 2026 ore 10.30"},"content":{"rendered":"<p>Il prossimo 6 maggio 2026 alle ore 10.30 la Federazione Carta e Grafica organizza il webinar dal titolo &#8220;Verso l&#8217;entrata in vigore del PPWR tra conferme e sorprese&#8221;.<\/p>\n<p>L\u2019incontro sar\u00e0 l&#8217;occasione per ricordare le principali ricadute operative sul settore e le scadenze imminenti, per illustrare i contenuti e le criticit\u00e0 della Legal Notice della Commissione Europea, nonch\u00e9 per approfondire i temi PFAS e Riciclabilit\u00e0.<\/p>\n<p>Il webinar sar\u00e0, inoltre, l\u2019occasione per condividere certezze ed orientamenti fin dove possibile, anticipando sin d\u2019ora che, prima del 12 agosto, data di entrata in vigore del PPWR, la Federazione organizzer\u00e0 un altro appuntamento on line dedicato a ulteriori approfondimenti e chiarimenti operativi.<\/p>\n<p>In allegato il<a href=\"https:\/\/assografici.it\/wp-content\/uploads\/2026\/04\/LocandinaFCG_StD_6-MAGGIO-2026.pdf\" target=\"_blank\" rel=\"noopener\"> programma aggiornato<\/a>.<\/p>\n<p>&nbsp;<\/p>\n","protected":false},"excerpt":{"rendered":"<p>Il prossimo 6 maggio 2026 alle ore 10.30 la Federazione Carta e Grafica organizza il webinar dal titolo &#8220;Verso l&#8217;entrata in vigore del PPWR tra conferme e sorprese&#8221;. L\u2019incontro sar\u00e0 l&#8217;occasione per ricordare le principali ricadute operative sul settore e le scadenze imminenti, per illustrare i contenuti e le criticit\u00e0 della Legal Notice della Commissione [&hellip;]<\/p>\n","protected":false},"author":8,"featured_media":2940,"comment_status":"closed","ping_status":"closed","sticky":false,"template":"","format":"standard","meta":{"_acf_changed":false,"_et_pb_use_builder":"","_et_pb_old_content":"","_et_gb_content_width":"","inline_featured_image":false,"footnotes":""},"categories":[177],"tags":[],"fonte":[91],"posizione":[65],"class_list":["post-2939","post","type-post","status-publish","format-standard","has-post-thumbnail","hentry","category-ppwr","fonte-federazione-carta-e-grafica-2","posizione-news-di-sistema"],"acf":[],"yoast_head":"<!-- This site is optimized with the Yoast SEO plugin v27.5 - https:\/\/yoast.com\/product\/yoast-seo-wordpress\/ -->\n<title>Verso l&#039;entrata in vigore del PPWR tra conferme e sorprese - Webinar 6 maggio 2026 ore 10.30 - Unione GCT<\/title>\n<meta name=\"robots\" content=\"index, follow, max-snippet:-1, max-image-preview:large, max-video-preview:-1\" \/>\n<link rel=\"canonical\" href=\"https:\/\/unione.gct.mi.it\/it\/verso-lentrata-in-vigore-del-ppwr-tra-conferme-e-sorprese-webinar-6-maggio-2026-ore-10-30\/\" \/>\n<meta property=\"og:locale\" content=\"it_IT\" \/>\n<meta property=\"og:type\" content=\"article\" \/>\n<meta property=\"og:title\" content=\"Verso l&#039;entrata in vigore del PPWR tra conferme e sorprese - Webinar 6 maggio 2026 ore 10.30 - Unione GCT\" \/>\n<meta property=\"og:description\" content=\"Il prossimo 6 maggio 2026 alle ore 10.30 la Federazione Carta e Grafica organizza il webinar dal titolo &#8220;Verso l&#8217;entrata in vigore del PPWR tra conferme e sorprese&#8221;. L\u2019incontro sar\u00e0 l&#8217;occasione per ricordare le principali ricadute operative sul settore e le scadenze imminenti, per illustrare i contenuti e le criticit\u00e0 della Legal Notice della Commissione [&hellip;]\" \/>\n<meta property=\"og:url\" content=\"https:\/\/unione.gct.mi.it\/it\/verso-lentrata-in-vigore-del-ppwr-tra-conferme-e-sorprese-webinar-6-maggio-2026-ore-10-30\/\" \/>\n<meta property=\"og:site_name\" content=\"Unione GCT\" \/>\n<meta property=\"article:published_time\" content=\"2026-04-28T11:05:51+00:00\" \/>\n<meta property=\"article:modified_time\" content=\"2026-04-28T11:08:05+00:00\" \/>\n<meta property=\"og:image\" content=\"https:\/\/unione.gct.mi.it\/wp-content\/uploads\/sites\/3\/2026\/04\/Immagine-2026-04-28-130245.jpg\" \/>\n\t<meta property=\"og:image:width\" content=\"1050\" \/>\n\t<meta property=\"og:image:height\" content=\"538\" \/>\n\t<meta property=\"og:image:type\" content=\"image\/jpeg\" \/>\n<meta name=\"author\" content=\"ruggero\" \/>\n<meta name=\"twitter:card\" content=\"summary_large_image\" \/>\n<meta name=\"twitter:label1\" content=\"Scritto da\" \/>\n\t<meta name=\"twitter:data1\" content=\"ruggero\" \/>\n\t<meta name=\"twitter:label2\" content=\"Tempo di lettura stimato\" \/>\n\t<meta name=\"twitter:data2\" content=\"1 minuto\" \/>\n<script type=\"application\/ld+json\" class=\"yoast-schema-graph\">{\"@context\":\"https:\\\/\\\/schema.org\",\"@graph\":[{\"@type\":\"Article\",\"@id\":\"https:\\\/\\\/unione.gct.mi.it\\\/it\\\/verso-lentrata-in-vigore-del-ppwr-tra-conferme-e-sorprese-webinar-6-maggio-2026-ore-10-30\\\/#article\",\"isPartOf\":{\"@id\":\"https:\\\/\\\/unione.gct.mi.it\\\/it\\\/verso-lentrata-in-vigore-del-ppwr-tra-conferme-e-sorprese-webinar-6-maggio-2026-ore-10-30\\\/\"},\"author\":{\"name\":\"ruggero\",\"@id\":\"https:\\\/\\\/unione.gct.mi.it\\\/it\\\/#\\\/schema\\\/person\\\/d9e69f409f0f83e24b4b3e2d331a3589\"},\"headline\":\"Verso l&#8217;entrata in vigore del PPWR tra conferme e sorprese &#8211; Webinar 6 maggio 2026 ore 10.30\",\"datePublished\":\"2026-04-28T11:05:51+00:00\",\"dateModified\":\"2026-04-28T11:08:05+00:00\",\"mainEntityOfPage\":{\"@id\":\"https:\\\/\\\/unione.gct.mi.it\\\/it\\\/verso-lentrata-in-vigore-del-ppwr-tra-conferme-e-sorprese-webinar-6-maggio-2026-ore-10-30\\\/\"},\"wordCount\":129,\"publisher\":{\"@id\":\"https:\\\/\\\/unione.gct.mi.it\\\/it\\\/#organization\"},\"image\":{\"@id\":\"https:\\\/\\\/unione.gct.mi.it\\\/it\\\/verso-lentrata-in-vigore-del-ppwr-tra-conferme-e-sorprese-webinar-6-maggio-2026-ore-10-30\\\/#primaryimage\"},\"thumbnailUrl\":\"https:\\\/\\\/unione.gct.mi.it\\\/wp-content\\\/uploads\\\/sites\\\/3\\\/2026\\\/04\\\/Immagine-2026-04-28-130245.jpg\",\"articleSection\":[\"PPWR\"],\"inLanguage\":\"it-IT\"},{\"@type\":\"WebPage\",\"@id\":\"https:\\\/\\\/unione.gct.mi.it\\\/it\\\/verso-lentrata-in-vigore-del-ppwr-tra-conferme-e-sorprese-webinar-6-maggio-2026-ore-10-30\\\/\",\"url\":\"https:\\\/\\\/unione.gct.mi.it\\\/it\\\/verso-lentrata-in-vigore-del-ppwr-tra-conferme-e-sorprese-webinar-6-maggio-2026-ore-10-30\\\/\",\"name\":\"Verso l'entrata in vigore del PPWR tra conferme e sorprese - Webinar 6 maggio 2026 ore 10.30 - Unione GCT\",\"isPartOf\":{\"@id\":\"https:\\\/\\\/unione.gct.mi.it\\\/it\\\/#website\"},\"primaryImageOfPage\":{\"@id\":\"https:\\\/\\\/unione.gct.mi.it\\\/it\\\/verso-lentrata-in-vigore-del-ppwr-tra-conferme-e-sorprese-webinar-6-maggio-2026-ore-10-30\\\/#primaryimage\"},\"image\":{\"@id\":\"https:\\\/\\\/unione.gct.mi.it\\\/it\\\/verso-lentrata-in-vigore-del-ppwr-tra-conferme-e-sorprese-webinar-6-maggio-2026-ore-10-30\\\/#primaryimage\"},\"thumbnailUrl\":\"https:\\\/\\\/unione.gct.mi.it\\\/wp-content\\\/uploads\\\/sites\\\/3\\\/2026\\\/04\\\/Immagine-2026-04-28-130245.jpg\",\"datePublished\":\"2026-04-28T11:05:51+00:00\",\"dateModified\":\"2026-04-28T11:08:05+00:00\",\"breadcrumb\":{\"@id\":\"https:\\\/\\\/unione.gct.mi.it\\\/it\\\/verso-lentrata-in-vigore-del-ppwr-tra-conferme-e-sorprese-webinar-6-maggio-2026-ore-10-30\\\/#breadcrumb\"},\"inLanguage\":\"it-IT\",\"potentialAction\":[{\"@type\":\"ReadAction\",\"target\":[\"https:\\\/\\\/unione.gct.mi.it\\\/it\\\/verso-lentrata-in-vigore-del-ppwr-tra-conferme-e-sorprese-webinar-6-maggio-2026-ore-10-30\\\/\"]}]},{\"@type\":\"ImageObject\",\"inLanguage\":\"it-IT\",\"@id\":\"https:\\\/\\\/unione.gct.mi.it\\\/it\\\/verso-lentrata-in-vigore-del-ppwr-tra-conferme-e-sorprese-webinar-6-maggio-2026-ore-10-30\\\/#primaryimage\",\"url\":\"https:\\\/\\\/unione.gct.mi.it\\\/wp-content\\\/uploads\\\/sites\\\/3\\\/2026\\\/04\\\/Immagine-2026-04-28-130245.jpg\",\"contentUrl\":\"https:\\\/\\\/unione.gct.mi.it\\\/wp-content\\\/uploads\\\/sites\\\/3\\\/2026\\\/04\\\/Immagine-2026-04-28-130245.jpg\",\"width\":1050,\"height\":538},{\"@type\":\"BreadcrumbList\",\"@id\":\"https:\\\/\\\/unione.gct.mi.it\\\/it\\\/verso-lentrata-in-vigore-del-ppwr-tra-conferme-e-sorprese-webinar-6-maggio-2026-ore-10-30\\\/#breadcrumb\",\"itemListElement\":[{\"@type\":\"ListItem\",\"position\":1,\"name\":\"Home\",\"item\":\"https:\\\/\\\/unione.gct.mi.it\\\/\"},{\"@type\":\"ListItem\",\"position\":2,\"name\":\"Verso l&#8217;entrata in vigore del PPWR tra conferme e sorprese &#8211; Webinar 6 maggio 2026 ore 10.30\"}]},{\"@type\":\"WebSite\",\"@id\":\"https:\\\/\\\/unione.gct.mi.it\\\/it\\\/#website\",\"url\":\"https:\\\/\\\/unione.gct.mi.it\\\/it\\\/\",\"name\":\"Unione GCT\",\"description\":\"Unione Grafici Cartotecnici Trasformatori Carta\",\"publisher\":{\"@id\":\"https:\\\/\\\/unione.gct.mi.it\\\/it\\\/#organization\"},\"potentialAction\":[{\"@type\":\"SearchAction\",\"target\":{\"@type\":\"EntryPoint\",\"urlTemplate\":\"https:\\\/\\\/unione.gct.mi.it\\\/it\\\/?s={search_term_string}\"},\"query-input\":{\"@type\":\"PropertyValueSpecification\",\"valueRequired\":true,\"valueName\":\"search_term_string\"}}],\"inLanguage\":\"it-IT\"},{\"@type\":\"Organization\",\"@id\":\"https:\\\/\\\/unione.gct.mi.it\\\/it\\\/#organization\",\"name\":\"Unione Industriali Grafici Cartotecnici Trasformatori carta e affini della provincia di Milano\",\"url\":\"https:\\\/\\\/unione.gct.mi.it\\\/it\\\/\",\"logo\":{\"@type\":\"ImageObject\",\"inLanguage\":\"it-IT\",\"@id\":\"https:\\\/\\\/unione.gct.mi.it\\\/it\\\/#\\\/schema\\\/logo\\\/image\\\/\",\"url\":\"https:\\\/\\\/unione.gct.mi.it\\\/wp-content\\\/uploads\\\/sites\\\/3\\\/2021\\\/01\\\/logo-unione.jpg\",\"contentUrl\":\"https:\\\/\\\/unione.gct.mi.it\\\/wp-content\\\/uploads\\\/sites\\\/3\\\/2021\\\/01\\\/logo-unione.jpg\",\"width\":348,\"height\":98,\"caption\":\"Unione Industriali Grafici Cartotecnici Trasformatori carta e affini della provincia di Milano\"},\"image\":{\"@id\":\"https:\\\/\\\/unione.gct.mi.it\\\/it\\\/#\\\/schema\\\/logo\\\/image\\\/\"},\"sameAs\":[\"https:\\\/\\\/www.linkedin.com\\\/company\\\/gct-milano\"]},{\"@type\":\"Person\",\"@id\":\"https:\\\/\\\/unione.gct.mi.it\\\/it\\\/#\\\/schema\\\/person\\\/d9e69f409f0f83e24b4b3e2d331a3589\",\"name\":\"ruggero\",\"image\":{\"@type\":\"ImageObject\",\"inLanguage\":\"it-IT\",\"@id\":\"https:\\\/\\\/secure.gravatar.com\\\/avatar\\\/3161daf3d18a4a2a6a7cb7e278ccc5dda11e65c90c54e4b3367113765b8182ba?s=96&d=mm&r=g\",\"url\":\"https:\\\/\\\/secure.gravatar.com\\\/avatar\\\/3161daf3d18a4a2a6a7cb7e278ccc5dda11e65c90c54e4b3367113765b8182ba?s=96&d=mm&r=g\",\"contentUrl\":\"https:\\\/\\\/secure.gravatar.com\\\/avatar\\\/3161daf3d18a4a2a6a7cb7e278ccc5dda11e65c90c54e4b3367113765b8182ba?s=96&d=mm&r=g\",\"caption\":\"ruggero\"}}]}<\/script>\n<!-- \/ Yoast SEO plugin. -->","yoast_head_json":{"title":"Verso l'entrata in vigore del PPWR tra conferme e sorprese - Webinar 6 maggio 2026 ore 10.30 - Unione GCT","robots":{"index":"index","follow":"follow","max-snippet":"max-snippet:-1","max-image-preview":"max-image-preview:large","max-video-preview":"max-video-preview:-1"},"canonical":"https:\/\/unione.gct.mi.it\/it\/verso-lentrata-in-vigore-del-ppwr-tra-conferme-e-sorprese-webinar-6-maggio-2026-ore-10-30\/","og_locale":"it_IT","og_type":"article","og_title":"Verso l'entrata in vigore del PPWR tra conferme e sorprese - Webinar 6 maggio 2026 ore 10.30 - Unione GCT","og_description":"Il prossimo 6 maggio 2026 alle ore 10.30 la Federazione Carta e Grafica organizza il webinar dal titolo &#8220;Verso l&#8217;entrata in vigore del PPWR tra conferme e sorprese&#8221;. L\u2019incontro sar\u00e0 l&#8217;occasione per ricordare le principali ricadute operative sul settore e le scadenze imminenti, per illustrare i contenuti e le criticit\u00e0 della Legal Notice della Commissione [&hellip;]","og_url":"https:\/\/unione.gct.mi.it\/it\/verso-lentrata-in-vigore-del-ppwr-tra-conferme-e-sorprese-webinar-6-maggio-2026-ore-10-30\/","og_site_name":"Unione GCT","article_published_time":"2026-04-28T11:05:51+00:00","article_modified_time":"2026-04-28T11:08:05+00:00","og_image":[{"width":1050,"height":538,"url":"https:\/\/unione.gct.mi.it\/wp-content\/uploads\/sites\/3\/2026\/04\/Immagine-2026-04-28-130245.jpg","type":"image\/jpeg"}],"author":"ruggero","twitter_card":"summary_large_image","twitter_misc":{"Scritto da":"ruggero","Tempo di lettura stimato":"1 minuto"},"schema":{"@context":"https:\/\/schema.org","@graph":[{"@type":"Article","@id":"https:\/\/unione.gct.mi.it\/it\/verso-lentrata-in-vigore-del-ppwr-tra-conferme-e-sorprese-webinar-6-maggio-2026-ore-10-30\/#article","isPartOf":{"@id":"https:\/\/unione.gct.mi.it\/it\/verso-lentrata-in-vigore-del-ppwr-tra-conferme-e-sorprese-webinar-6-maggio-2026-ore-10-30\/"},"author":{"name":"ruggero","@id":"https:\/\/unione.gct.mi.it\/it\/#\/schema\/person\/d9e69f409f0f83e24b4b3e2d331a3589"},"headline":"Verso l&#8217;entrata in vigore del PPWR tra conferme e sorprese &#8211; Webinar 6 maggio 2026 ore 10.30","datePublished":"2026-04-28T11:05:51+00:00","dateModified":"2026-04-28T11:08:05+00:00","mainEntityOfPage":{"@id":"https:\/\/unione.gct.mi.it\/it\/verso-lentrata-in-vigore-del-ppwr-tra-conferme-e-sorprese-webinar-6-maggio-2026-ore-10-30\/"},"wordCount":129,"publisher":{"@id":"https:\/\/unione.gct.mi.it\/it\/#organization"},"image":{"@id":"https:\/\/unione.gct.mi.it\/it\/verso-lentrata-in-vigore-del-ppwr-tra-conferme-e-sorprese-webinar-6-maggio-2026-ore-10-30\/#primaryimage"},"thumbnailUrl":"https:\/\/unione.gct.mi.it\/wp-content\/uploads\/sites\/3\/2026\/04\/Immagine-2026-04-28-130245.jpg","articleSection":["PPWR"],"inLanguage":"it-IT"},{"@type":"WebPage","@id":"https:\/\/unione.gct.mi.it\/it\/verso-lentrata-in-vigore-del-ppwr-tra-conferme-e-sorprese-webinar-6-maggio-2026-ore-10-30\/","url":"https:\/\/unione.gct.mi.it\/it\/verso-lentrata-in-vigore-del-ppwr-tra-conferme-e-sorprese-webinar-6-maggio-2026-ore-10-30\/","name":"Verso l'entrata in vigore del PPWR tra conferme e sorprese - Webinar 6 maggio 2026 ore 10.30 - Unione GCT","isPartOf":{"@id":"https:\/\/unione.gct.mi.it\/it\/#website"},"primaryImageOfPage":{"@id":"https:\/\/unione.gct.mi.it\/it\/verso-lentrata-in-vigore-del-ppwr-tra-conferme-e-sorprese-webinar-6-maggio-2026-ore-10-30\/#primaryimage"},"image":{"@id":"https:\/\/unione.gct.mi.it\/it\/verso-lentrata-in-vigore-del-ppwr-tra-conferme-e-sorprese-webinar-6-maggio-2026-ore-10-30\/#primaryimage"},"thumbnailUrl":"https:\/\/unione.gct.mi.it\/wp-content\/uploads\/sites\/3\/2026\/04\/Immagine-2026-04-28-130245.jpg","datePublished":"2026-04-28T11:05:51+00:00","dateModified":"2026-04-28T11:08:05+00:00","breadcrumb":{"@id":"https:\/\/unione.gct.mi.it\/it\/verso-lentrata-in-vigore-del-ppwr-tra-conferme-e-sorprese-webinar-6-maggio-2026-ore-10-30\/#breadcrumb"},"inLanguage":"it-IT","potentialAction":[{"@type":"ReadAction","target":["https:\/\/unione.gct.mi.it\/it\/verso-lentrata-in-vigore-del-ppwr-tra-conferme-e-sorprese-webinar-6-maggio-2026-ore-10-30\/"]}]},{"@type":"ImageObject","inLanguage":"it-IT","@id":"https:\/\/unione.gct.mi.it\/it\/verso-lentrata-in-vigore-del-ppwr-tra-conferme-e-sorprese-webinar-6-maggio-2026-ore-10-30\/#primaryimage","url":"https:\/\/unione.gct.mi.it\/wp-content\/uploads\/sites\/3\/2026\/04\/Immagine-2026-04-28-130245.jpg","contentUrl":"https:\/\/unione.gct.mi.it\/wp-content\/uploads\/sites\/3\/2026\/04\/Immagine-2026-04-28-130245.jpg","width":1050,"height":538},{"@type":"BreadcrumbList","@id":"https:\/\/unione.gct.mi.it\/it\/verso-lentrata-in-vigore-del-ppwr-tra-conferme-e-sorprese-webinar-6-maggio-2026-ore-10-30\/#breadcrumb","itemListElement":[{"@type":"ListItem","position":1,"name":"Home","item":"https:\/\/unione.gct.mi.it\/"},{"@type":"ListItem","position":2,"name":"Verso l&#8217;entrata in vigore del PPWR tra conferme e sorprese &#8211; Webinar 6 maggio 2026 ore 10.30"}]},{"@type":"WebSite","@id":"https:\/\/unione.gct.mi.it\/it\/#website","url":"https:\/\/unione.gct.mi.it\/it\/","name":"Unione GCT","description":"Unione Grafici Cartotecnici Trasformatori Carta","publisher":{"@id":"https:\/\/unione.gct.mi.it\/it\/#organization"},"potentialAction":[{"@type":"SearchAction","target":{"@type":"EntryPoint","urlTemplate":"https:\/\/unione.gct.mi.it\/it\/?s={search_term_string}"},"query-input":{"@type":"PropertyValueSpecification","valueRequired":true,"valueName":"search_term_string"}}],"inLanguage":"it-IT"},{"@type":"Organization","@id":"https:\/\/unione.gct.mi.it\/it\/#organization","name":"Unione Industriali Grafici Cartotecnici Trasformatori carta e affini della provincia di Milano","url":"https:\/\/unione.gct.mi.it\/it\/","logo":{"@type":"ImageObject","inLanguage":"it-IT","@id":"https:\/\/unione.gct.mi.it\/it\/#\/schema\/logo\/image\/","url":"https:\/\/unione.gct.mi.it\/wp-content\/uploads\/sites\/3\/2021\/01\/logo-unione.jpg","contentUrl":"https:\/\/unione.gct.mi.it\/wp-content\/uploads\/sites\/3\/2021\/01\/logo-unione.jpg","width":348,"height":98,"caption":"Unione Industriali Grafici Cartotecnici Trasformatori carta e affini della provincia di Milano"},"image":{"@id":"https:\/\/unione.gct.mi.it\/it\/#\/schema\/logo\/image\/"},"sameAs":["https:\/\/www.linkedin.com\/company\/gct-milano"]},{"@type":"Person","@id":"https:\/\/unione.gct.mi.it\/it\/#\/schema\/person\/d9e69f409f0f83e24b4b3e2d331a3589","name":"ruggero","image":{"@type":"ImageObject","inLanguage":"it-IT","@id":"https:\/\/secure.gravatar.com\/avatar\/3161daf3d18a4a2a6a7cb7e278ccc5dda11e65c90c54e4b3367113765b8182ba?s=96&d=mm&r=g","url":"https:\/\/secure.gravatar.com\/avatar\/3161daf3d18a4a2a6a7cb7e278ccc5dda11e65c90c54e4b3367113765b8182ba?s=96&d=mm&r=g","contentUrl":"https:\/\/secure.gravatar.com\/avatar\/3161daf3d18a4a2a6a7cb7e278ccc5dda11e65c90c54e4b3367113765b8182ba?s=96&d=mm&r=g","caption":"ruggero"}}]}},"_links":{"self":[{"href":"https:\/\/unione.gct.mi.it\/it\/wp-json\/wp\/v2\/posts\/2939","targetHints":{"allow":["GET"]}}],"collection":[{"href":"https:\/\/unione.gct.mi.it\/it\/wp-json\/wp\/v2\/posts"}],"about":[{"href":"https:\/\/unione.gct.mi.it\/it\/wp-json\/wp\/v2\/types\/post"}],"author":[{"embeddable":true,"href":"https:\/\/unione.gct.mi.it\/it\/wp-json\/wp\/v2\/users\/8"}],"replies":[{"embeddable":true,"href":"https:\/\/unione.gct.mi.it\/it\/wp-json\/wp\/v2\/comments?post=2939"}],"version-history":[{"count":1,"href":"https:\/\/unione.gct.mi.it\/it\/wp-json\/wp\/v2\/posts\/2939\/revisions"}],"predecessor-version":[{"id":2942,"href":"https:\/\/unione.gct.mi.it\/it\/wp-json\/wp\/v2\/posts\/2939\/revisions\/2942"}],"wp:featuredmedia":[{"embeddable":true,"href":"https:\/\/unione.gct.mi.it\/it\/wp-json\/wp\/v2\/media\/2940"}],"wp:attachment":[{"href":"https:\/\/unione.gct.mi.it\/it\/wp-json\/wp\/v2\/media?parent=2939"}],"wp:term":[{"taxonomy":"category","embeddable":true,"href":"https:\/\/unione.gct.mi.it\/it\/wp-json\/wp\/v2\/categories?post=2939"},{"taxonomy":"post_tag","embeddable":true,"href":"https:\/\/unione.gct.mi.it\/it\/wp-json\/wp\/v2\/tags?post=2939"},{"taxonomy":"fonte","embeddable":true,"href":"https:\/\/unione.gct.mi.it\/it\/wp-json\/wp\/v2\/fonte?post=2939"},{"taxonomy":"posizione","embeddable":true,"href":"https:\/\/unione.gct.mi.it\/it\/wp-json\/wp\/v2\/posizione?post=2939"}],"curies":[{"name":"wp","href":"https:\/\/api.w.org\/{rel}","templated":true}]}}