{"id":2871,"date":"2026-03-08T15:19:05","date_gmt":"2026-03-08T14:19:05","guid":{"rendered":"https:\/\/assografici.it\/?p=8891"},"modified":"2026-03-11T15:53:59","modified_gmt":"2026-03-11T14:53:59","slug":"corso-online-contabilita-avanzata-dal-bilancio-di-verifica-al-bilancio-desercizio-25-e-26-marzo-2026","status":"publish","type":"post","link":"https:\/\/unione.gct.mi.it\/it\/corso-online-contabilita-avanzata-dal-bilancio-di-verifica-al-bilancio-desercizio-25-e-26-marzo-2026\/","title":{"rendered":"Corso ONLINE Contabilit\u00e0 avanzata, dal bilancio di verifica al bilancio d\u2019esercizio &#8211; 25 e 26 marzo 2026"},"content":{"rendered":"<p>La <strong>corretta tenuta della contabilit\u00e0<\/strong> \u00e8 uno degli strumenti essenziali per la gestione aziendale ed \u00e8 quindi <strong>fondamentale un aggiornamento continuo<\/strong> delle competenze del personale amministrativo.<\/p>\n<p>Durante questo <strong>agile (due mattinate) corso online<\/strong> dedicato a <strong>responsabili amministrativi e contabili<\/strong>, verranno fornite, con un taglio pratico e immediatamente spendibile nello svolgimento quotidiano della propria attivit\u00e0, le <strong>nozioni necessarie per applicare i metodi della contabilit\u00e0 del ciclo attivo e passivo, utilizzare la logica delle scritture contabili in funzione delle esigenze di bilancio, assolvere gli adempimenti fiscali<\/strong>.<\/p>\n<p>Rimandando alla <span style=\"color: #0000ff;\"><a style=\"color: #0000ff;\" href=\"https:\/\/assografici.it\/wp-content\/uploads\/2026\/03\/Locandina_mar2026.pdf\" target=\"_blank\" rel=\"noopener\">locandina allegata<\/a><\/span> per tutte le informazioni operative, invitiamo le Aziende interessate a segnalarlo tempestivamente (e-mail <span style=\"color: #0000ff;\"><a style=\"color: #0000ff;\" href=\"mailto:marchesan@assografici.it\">marchesan@assografici.it<\/a><\/span> &#8211; tel. 02 72022570), in modo da poter confermare le date e inviare la relativa scheda di iscrizione.<\/p>\n<p>&nbsp;<\/p>\n","protected":false},"excerpt":{"rendered":"<p>La corretta tenuta della contabilit\u00e0 \u00e8 uno degli strumenti essenziali per la gestione aziendale ed \u00e8 quindi fondamentale un aggiornamento continuo delle competenze del personale amministrativo. Durante questo agile (due mattinate) corso online dedicato a responsabili amministrativi e contabili, verranno fornite, con un taglio pratico e immediatamente spendibile nello svolgimento quotidiano della propria attivit\u00e0, le [&hellip;]<\/p>\n","protected":false},"author":8,"featured_media":2872,"comment_status":"closed","ping_status":"closed","sticky":false,"template":"","format":"standard","meta":{"_acf_changed":false,"_et_pb_use_builder":"","_et_pb_old_content":"","_et_gb_content_width":"","inline_featured_image":false,"footnotes":""},"categories":[70],"tags":[],"fonte":[9],"posizione":[64],"class_list":["post-2871","post","type-post","status-publish","format-standard","has-post-thumbnail","hentry","category-formazione","fonte-unione-gct","posizione-news-di-unione"],"acf":[],"yoast_head":"<!-- This site is optimized with the Yoast SEO plugin v27.4 - https:\/\/yoast.com\/product\/yoast-seo-wordpress\/ -->\n<title>Corso ONLINE Contabilit\u00e0 avanzata, dal bilancio di verifica al bilancio d\u2019esercizio - 25 e 26 marzo 2026 - Unione GCT<\/title>\n<meta name=\"robots\" content=\"index, follow, max-snippet:-1, max-image-preview:large, max-video-preview:-1\" \/>\n<link rel=\"canonical\" href=\"https:\/\/unione.gct.mi.it\/it\/corso-online-contabilita-avanzata-dal-bilancio-di-verifica-al-bilancio-desercizio-25-e-26-marzo-2026\/\" \/>\n<meta property=\"og:locale\" content=\"it_IT\" \/>\n<meta property=\"og:type\" content=\"article\" \/>\n<meta property=\"og:title\" content=\"Corso ONLINE Contabilit\u00e0 avanzata, dal bilancio di verifica al bilancio d\u2019esercizio - 25 e 26 marzo 2026 - Unione GCT\" \/>\n<meta property=\"og:description\" content=\"La corretta tenuta della contabilit\u00e0 \u00e8 uno degli strumenti essenziali per la gestione aziendale ed \u00e8 quindi fondamentale un aggiornamento continuo delle competenze del personale amministrativo. Durante questo agile (due mattinate) corso online dedicato a responsabili amministrativi e contabili, verranno fornite, con un taglio pratico e immediatamente spendibile nello svolgimento quotidiano della propria attivit\u00e0, le [&hellip;]\" \/>\n<meta property=\"og:url\" content=\"https:\/\/unione.gct.mi.it\/it\/corso-online-contabilita-avanzata-dal-bilancio-di-verifica-al-bilancio-desercizio-25-e-26-marzo-2026\/\" \/>\n<meta property=\"og:site_name\" content=\"Unione GCT\" \/>\n<meta property=\"article:published_time\" content=\"2026-03-08T14:19:05+00:00\" \/>\n<meta property=\"article:modified_time\" content=\"2026-03-11T14:53:59+00:00\" \/>\n<meta property=\"og:image\" content=\"https:\/\/unione.gct.mi.it\/wp-content\/uploads\/sites\/3\/2026\/03\/Immagine-2026-03-11-152346.jpg\" \/>\n\t<meta property=\"og:image:width\" content=\"1068\" \/>\n\t<meta property=\"og:image:height\" content=\"727\" \/>\n\t<meta property=\"og:image:type\" content=\"image\/jpeg\" \/>\n<meta name=\"author\" content=\"ruggero\" \/>\n<meta name=\"twitter:card\" content=\"summary_large_image\" \/>\n<meta name=\"twitter:label1\" content=\"Scritto da\" \/>\n\t<meta name=\"twitter:data1\" content=\"ruggero\" \/>\n\t<meta name=\"twitter:label2\" content=\"Tempo di lettura stimato\" \/>\n\t<meta name=\"twitter:data2\" content=\"1 minuto\" \/>\n<script type=\"application\/ld+json\" class=\"yoast-schema-graph\">{\"@context\":\"https:\\\/\\\/schema.org\",\"@graph\":[{\"@type\":\"Article\",\"@id\":\"https:\\\/\\\/unione.gct.mi.it\\\/it\\\/corso-online-contabilita-avanzata-dal-bilancio-di-verifica-al-bilancio-desercizio-25-e-26-marzo-2026\\\/#article\",\"isPartOf\":{\"@id\":\"https:\\\/\\\/unione.gct.mi.it\\\/it\\\/corso-online-contabilita-avanzata-dal-bilancio-di-verifica-al-bilancio-desercizio-25-e-26-marzo-2026\\\/\"},\"author\":{\"name\":\"ruggero\",\"@id\":\"https:\\\/\\\/unione.gct.mi.it\\\/it\\\/#\\\/schema\\\/person\\\/d9e69f409f0f83e24b4b3e2d331a3589\"},\"headline\":\"Corso ONLINE Contabilit\u00e0 avanzata, dal bilancio di verifica al bilancio d\u2019esercizio &#8211; 25 e 26 marzo 2026\",\"datePublished\":\"2026-03-08T14:19:05+00:00\",\"dateModified\":\"2026-03-11T14:53:59+00:00\",\"mainEntityOfPage\":{\"@id\":\"https:\\\/\\\/unione.gct.mi.it\\\/it\\\/corso-online-contabilita-avanzata-dal-bilancio-di-verifica-al-bilancio-desercizio-25-e-26-marzo-2026\\\/\"},\"wordCount\":134,\"publisher\":{\"@id\":\"https:\\\/\\\/unione.gct.mi.it\\\/it\\\/#organization\"},\"image\":{\"@id\":\"https:\\\/\\\/unione.gct.mi.it\\\/it\\\/corso-online-contabilita-avanzata-dal-bilancio-di-verifica-al-bilancio-desercizio-25-e-26-marzo-2026\\\/#primaryimage\"},\"thumbnailUrl\":\"https:\\\/\\\/unione.gct.mi.it\\\/wp-content\\\/uploads\\\/sites\\\/3\\\/2026\\\/03\\\/Immagine-2026-03-11-152346.jpg\",\"articleSection\":[\"Formazione\"],\"inLanguage\":\"it-IT\"},{\"@type\":\"WebPage\",\"@id\":\"https:\\\/\\\/unione.gct.mi.it\\\/it\\\/corso-online-contabilita-avanzata-dal-bilancio-di-verifica-al-bilancio-desercizio-25-e-26-marzo-2026\\\/\",\"url\":\"https:\\\/\\\/unione.gct.mi.it\\\/it\\\/corso-online-contabilita-avanzata-dal-bilancio-di-verifica-al-bilancio-desercizio-25-e-26-marzo-2026\\\/\",\"name\":\"Corso ONLINE Contabilit\u00e0 avanzata, dal bilancio di verifica al bilancio d\u2019esercizio - 25 e 26 marzo 2026 - Unione GCT\",\"isPartOf\":{\"@id\":\"https:\\\/\\\/unione.gct.mi.it\\\/it\\\/#website\"},\"primaryImageOfPage\":{\"@id\":\"https:\\\/\\\/unione.gct.mi.it\\\/it\\\/corso-online-contabilita-avanzata-dal-bilancio-di-verifica-al-bilancio-desercizio-25-e-26-marzo-2026\\\/#primaryimage\"},\"image\":{\"@id\":\"https:\\\/\\\/unione.gct.mi.it\\\/it\\\/corso-online-contabilita-avanzata-dal-bilancio-di-verifica-al-bilancio-desercizio-25-e-26-marzo-2026\\\/#primaryimage\"},\"thumbnailUrl\":\"https:\\\/\\\/unione.gct.mi.it\\\/wp-content\\\/uploads\\\/sites\\\/3\\\/2026\\\/03\\\/Immagine-2026-03-11-152346.jpg\",\"datePublished\":\"2026-03-08T14:19:05+00:00\",\"dateModified\":\"2026-03-11T14:53:59+00:00\",\"breadcrumb\":{\"@id\":\"https:\\\/\\\/unione.gct.mi.it\\\/it\\\/corso-online-contabilita-avanzata-dal-bilancio-di-verifica-al-bilancio-desercizio-25-e-26-marzo-2026\\\/#breadcrumb\"},\"inLanguage\":\"it-IT\",\"potentialAction\":[{\"@type\":\"ReadAction\",\"target\":[\"https:\\\/\\\/unione.gct.mi.it\\\/it\\\/corso-online-contabilita-avanzata-dal-bilancio-di-verifica-al-bilancio-desercizio-25-e-26-marzo-2026\\\/\"]}]},{\"@type\":\"ImageObject\",\"inLanguage\":\"it-IT\",\"@id\":\"https:\\\/\\\/unione.gct.mi.it\\\/it\\\/corso-online-contabilita-avanzata-dal-bilancio-di-verifica-al-bilancio-desercizio-25-e-26-marzo-2026\\\/#primaryimage\",\"url\":\"https:\\\/\\\/unione.gct.mi.it\\\/wp-content\\\/uploads\\\/sites\\\/3\\\/2026\\\/03\\\/Immagine-2026-03-11-152346.jpg\",\"contentUrl\":\"https:\\\/\\\/unione.gct.mi.it\\\/wp-content\\\/uploads\\\/sites\\\/3\\\/2026\\\/03\\\/Immagine-2026-03-11-152346.jpg\",\"width\":1068,\"height\":727},{\"@type\":\"BreadcrumbList\",\"@id\":\"https:\\\/\\\/unione.gct.mi.it\\\/it\\\/corso-online-contabilita-avanzata-dal-bilancio-di-verifica-al-bilancio-desercizio-25-e-26-marzo-2026\\\/#breadcrumb\",\"itemListElement\":[{\"@type\":\"ListItem\",\"position\":1,\"name\":\"Home\",\"item\":\"https:\\\/\\\/unione.gct.mi.it\\\/\"},{\"@type\":\"ListItem\",\"position\":2,\"name\":\"Corso ONLINE Contabilit\u00e0 avanzata, dal bilancio di verifica al bilancio d\u2019esercizio &#8211; 25 e 26 marzo 2026\"}]},{\"@type\":\"WebSite\",\"@id\":\"https:\\\/\\\/unione.gct.mi.it\\\/it\\\/#website\",\"url\":\"https:\\\/\\\/unione.gct.mi.it\\\/it\\\/\",\"name\":\"Unione GCT\",\"description\":\"Unione Grafici Cartotecnici Trasformatori Carta\",\"publisher\":{\"@id\":\"https:\\\/\\\/unione.gct.mi.it\\\/it\\\/#organization\"},\"potentialAction\":[{\"@type\":\"SearchAction\",\"target\":{\"@type\":\"EntryPoint\",\"urlTemplate\":\"https:\\\/\\\/unione.gct.mi.it\\\/it\\\/?s={search_term_string}\"},\"query-input\":{\"@type\":\"PropertyValueSpecification\",\"valueRequired\":true,\"valueName\":\"search_term_string\"}}],\"inLanguage\":\"it-IT\"},{\"@type\":\"Organization\",\"@id\":\"https:\\\/\\\/unione.gct.mi.it\\\/it\\\/#organization\",\"name\":\"Unione Industriali Grafici Cartotecnici Trasformatori carta e affini della provincia di Milano\",\"url\":\"https:\\\/\\\/unione.gct.mi.it\\\/it\\\/\",\"logo\":{\"@type\":\"ImageObject\",\"inLanguage\":\"it-IT\",\"@id\":\"https:\\\/\\\/unione.gct.mi.it\\\/it\\\/#\\\/schema\\\/logo\\\/image\\\/\",\"url\":\"https:\\\/\\\/unione.gct.mi.it\\\/wp-content\\\/uploads\\\/sites\\\/3\\\/2021\\\/01\\\/logo-unione.jpg\",\"contentUrl\":\"https:\\\/\\\/unione.gct.mi.it\\\/wp-content\\\/uploads\\\/sites\\\/3\\\/2021\\\/01\\\/logo-unione.jpg\",\"width\":348,\"height\":98,\"caption\":\"Unione Industriali Grafici Cartotecnici Trasformatori carta e affini della provincia di Milano\"},\"image\":{\"@id\":\"https:\\\/\\\/unione.gct.mi.it\\\/it\\\/#\\\/schema\\\/logo\\\/image\\\/\"},\"sameAs\":[\"https:\\\/\\\/www.linkedin.com\\\/company\\\/gct-milano\"]},{\"@type\":\"Person\",\"@id\":\"https:\\\/\\\/unione.gct.mi.it\\\/it\\\/#\\\/schema\\\/person\\\/d9e69f409f0f83e24b4b3e2d331a3589\",\"name\":\"ruggero\",\"image\":{\"@type\":\"ImageObject\",\"inLanguage\":\"it-IT\",\"@id\":\"https:\\\/\\\/secure.gravatar.com\\\/avatar\\\/3161daf3d18a4a2a6a7cb7e278ccc5dda11e65c90c54e4b3367113765b8182ba?s=96&d=mm&r=g\",\"url\":\"https:\\\/\\\/secure.gravatar.com\\\/avatar\\\/3161daf3d18a4a2a6a7cb7e278ccc5dda11e65c90c54e4b3367113765b8182ba?s=96&d=mm&r=g\",\"contentUrl\":\"https:\\\/\\\/secure.gravatar.com\\\/avatar\\\/3161daf3d18a4a2a6a7cb7e278ccc5dda11e65c90c54e4b3367113765b8182ba?s=96&d=mm&r=g\",\"caption\":\"ruggero\"}}]}<\/script>\n<!-- \/ Yoast SEO plugin. -->","yoast_head_json":{"title":"Corso ONLINE Contabilit\u00e0 avanzata, dal bilancio di verifica al bilancio d\u2019esercizio - 25 e 26 marzo 2026 - Unione GCT","robots":{"index":"index","follow":"follow","max-snippet":"max-snippet:-1","max-image-preview":"max-image-preview:large","max-video-preview":"max-video-preview:-1"},"canonical":"https:\/\/unione.gct.mi.it\/it\/corso-online-contabilita-avanzata-dal-bilancio-di-verifica-al-bilancio-desercizio-25-e-26-marzo-2026\/","og_locale":"it_IT","og_type":"article","og_title":"Corso ONLINE Contabilit\u00e0 avanzata, dal bilancio di verifica al bilancio d\u2019esercizio - 25 e 26 marzo 2026 - Unione GCT","og_description":"La corretta tenuta della contabilit\u00e0 \u00e8 uno degli strumenti essenziali per la gestione aziendale ed \u00e8 quindi fondamentale un aggiornamento continuo delle competenze del personale amministrativo. Durante questo agile (due mattinate) corso online dedicato a responsabili amministrativi e contabili, verranno fornite, con un taglio pratico e immediatamente spendibile nello svolgimento quotidiano della propria attivit\u00e0, le [&hellip;]","og_url":"https:\/\/unione.gct.mi.it\/it\/corso-online-contabilita-avanzata-dal-bilancio-di-verifica-al-bilancio-desercizio-25-e-26-marzo-2026\/","og_site_name":"Unione GCT","article_published_time":"2026-03-08T14:19:05+00:00","article_modified_time":"2026-03-11T14:53:59+00:00","og_image":[{"width":1068,"height":727,"url":"https:\/\/unione.gct.mi.it\/wp-content\/uploads\/sites\/3\/2026\/03\/Immagine-2026-03-11-152346.jpg","type":"image\/jpeg"}],"author":"ruggero","twitter_card":"summary_large_image","twitter_misc":{"Scritto da":"ruggero","Tempo di lettura stimato":"1 minuto"},"schema":{"@context":"https:\/\/schema.org","@graph":[{"@type":"Article","@id":"https:\/\/unione.gct.mi.it\/it\/corso-online-contabilita-avanzata-dal-bilancio-di-verifica-al-bilancio-desercizio-25-e-26-marzo-2026\/#article","isPartOf":{"@id":"https:\/\/unione.gct.mi.it\/it\/corso-online-contabilita-avanzata-dal-bilancio-di-verifica-al-bilancio-desercizio-25-e-26-marzo-2026\/"},"author":{"name":"ruggero","@id":"https:\/\/unione.gct.mi.it\/it\/#\/schema\/person\/d9e69f409f0f83e24b4b3e2d331a3589"},"headline":"Corso ONLINE Contabilit\u00e0 avanzata, dal bilancio di verifica al bilancio d\u2019esercizio &#8211; 25 e 26 marzo 2026","datePublished":"2026-03-08T14:19:05+00:00","dateModified":"2026-03-11T14:53:59+00:00","mainEntityOfPage":{"@id":"https:\/\/unione.gct.mi.it\/it\/corso-online-contabilita-avanzata-dal-bilancio-di-verifica-al-bilancio-desercizio-25-e-26-marzo-2026\/"},"wordCount":134,"publisher":{"@id":"https:\/\/unione.gct.mi.it\/it\/#organization"},"image":{"@id":"https:\/\/unione.gct.mi.it\/it\/corso-online-contabilita-avanzata-dal-bilancio-di-verifica-al-bilancio-desercizio-25-e-26-marzo-2026\/#primaryimage"},"thumbnailUrl":"https:\/\/unione.gct.mi.it\/wp-content\/uploads\/sites\/3\/2026\/03\/Immagine-2026-03-11-152346.jpg","articleSection":["Formazione"],"inLanguage":"it-IT"},{"@type":"WebPage","@id":"https:\/\/unione.gct.mi.it\/it\/corso-online-contabilita-avanzata-dal-bilancio-di-verifica-al-bilancio-desercizio-25-e-26-marzo-2026\/","url":"https:\/\/unione.gct.mi.it\/it\/corso-online-contabilita-avanzata-dal-bilancio-di-verifica-al-bilancio-desercizio-25-e-26-marzo-2026\/","name":"Corso ONLINE Contabilit\u00e0 avanzata, dal bilancio di verifica al bilancio d\u2019esercizio - 25 e 26 marzo 2026 - Unione GCT","isPartOf":{"@id":"https:\/\/unione.gct.mi.it\/it\/#website"},"primaryImageOfPage":{"@id":"https:\/\/unione.gct.mi.it\/it\/corso-online-contabilita-avanzata-dal-bilancio-di-verifica-al-bilancio-desercizio-25-e-26-marzo-2026\/#primaryimage"},"image":{"@id":"https:\/\/unione.gct.mi.it\/it\/corso-online-contabilita-avanzata-dal-bilancio-di-verifica-al-bilancio-desercizio-25-e-26-marzo-2026\/#primaryimage"},"thumbnailUrl":"https:\/\/unione.gct.mi.it\/wp-content\/uploads\/sites\/3\/2026\/03\/Immagine-2026-03-11-152346.jpg","datePublished":"2026-03-08T14:19:05+00:00","dateModified":"2026-03-11T14:53:59+00:00","breadcrumb":{"@id":"https:\/\/unione.gct.mi.it\/it\/corso-online-contabilita-avanzata-dal-bilancio-di-verifica-al-bilancio-desercizio-25-e-26-marzo-2026\/#breadcrumb"},"inLanguage":"it-IT","potentialAction":[{"@type":"ReadAction","target":["https:\/\/unione.gct.mi.it\/it\/corso-online-contabilita-avanzata-dal-bilancio-di-verifica-al-bilancio-desercizio-25-e-26-marzo-2026\/"]}]},{"@type":"ImageObject","inLanguage":"it-IT","@id":"https:\/\/unione.gct.mi.it\/it\/corso-online-contabilita-avanzata-dal-bilancio-di-verifica-al-bilancio-desercizio-25-e-26-marzo-2026\/#primaryimage","url":"https:\/\/unione.gct.mi.it\/wp-content\/uploads\/sites\/3\/2026\/03\/Immagine-2026-03-11-152346.jpg","contentUrl":"https:\/\/unione.gct.mi.it\/wp-content\/uploads\/sites\/3\/2026\/03\/Immagine-2026-03-11-152346.jpg","width":1068,"height":727},{"@type":"BreadcrumbList","@id":"https:\/\/unione.gct.mi.it\/it\/corso-online-contabilita-avanzata-dal-bilancio-di-verifica-al-bilancio-desercizio-25-e-26-marzo-2026\/#breadcrumb","itemListElement":[{"@type":"ListItem","position":1,"name":"Home","item":"https:\/\/unione.gct.mi.it\/"},{"@type":"ListItem","position":2,"name":"Corso ONLINE Contabilit\u00e0 avanzata, dal bilancio di verifica al bilancio d\u2019esercizio &#8211; 25 e 26 marzo 2026"}]},{"@type":"WebSite","@id":"https:\/\/unione.gct.mi.it\/it\/#website","url":"https:\/\/unione.gct.mi.it\/it\/","name":"Unione GCT","description":"Unione Grafici Cartotecnici Trasformatori Carta","publisher":{"@id":"https:\/\/unione.gct.mi.it\/it\/#organization"},"potentialAction":[{"@type":"SearchAction","target":{"@type":"EntryPoint","urlTemplate":"https:\/\/unione.gct.mi.it\/it\/?s={search_term_string}"},"query-input":{"@type":"PropertyValueSpecification","valueRequired":true,"valueName":"search_term_string"}}],"inLanguage":"it-IT"},{"@type":"Organization","@id":"https:\/\/unione.gct.mi.it\/it\/#organization","name":"Unione Industriali Grafici Cartotecnici Trasformatori carta e affini della provincia di Milano","url":"https:\/\/unione.gct.mi.it\/it\/","logo":{"@type":"ImageObject","inLanguage":"it-IT","@id":"https:\/\/unione.gct.mi.it\/it\/#\/schema\/logo\/image\/","url":"https:\/\/unione.gct.mi.it\/wp-content\/uploads\/sites\/3\/2021\/01\/logo-unione.jpg","contentUrl":"https:\/\/unione.gct.mi.it\/wp-content\/uploads\/sites\/3\/2021\/01\/logo-unione.jpg","width":348,"height":98,"caption":"Unione Industriali Grafici Cartotecnici Trasformatori carta e affini della provincia di Milano"},"image":{"@id":"https:\/\/unione.gct.mi.it\/it\/#\/schema\/logo\/image\/"},"sameAs":["https:\/\/www.linkedin.com\/company\/gct-milano"]},{"@type":"Person","@id":"https:\/\/unione.gct.mi.it\/it\/#\/schema\/person\/d9e69f409f0f83e24b4b3e2d331a3589","name":"ruggero","image":{"@type":"ImageObject","inLanguage":"it-IT","@id":"https:\/\/secure.gravatar.com\/avatar\/3161daf3d18a4a2a6a7cb7e278ccc5dda11e65c90c54e4b3367113765b8182ba?s=96&d=mm&r=g","url":"https:\/\/secure.gravatar.com\/avatar\/3161daf3d18a4a2a6a7cb7e278ccc5dda11e65c90c54e4b3367113765b8182ba?s=96&d=mm&r=g","contentUrl":"https:\/\/secure.gravatar.com\/avatar\/3161daf3d18a4a2a6a7cb7e278ccc5dda11e65c90c54e4b3367113765b8182ba?s=96&d=mm&r=g","caption":"ruggero"}}]}},"_links":{"self":[{"href":"https:\/\/unione.gct.mi.it\/it\/wp-json\/wp\/v2\/posts\/2871","targetHints":{"allow":["GET"]}}],"collection":[{"href":"https:\/\/unione.gct.mi.it\/it\/wp-json\/wp\/v2\/posts"}],"about":[{"href":"https:\/\/unione.gct.mi.it\/it\/wp-json\/wp\/v2\/types\/post"}],"author":[{"embeddable":true,"href":"https:\/\/unione.gct.mi.it\/it\/wp-json\/wp\/v2\/users\/8"}],"replies":[{"embeddable":true,"href":"https:\/\/unione.gct.mi.it\/it\/wp-json\/wp\/v2\/comments?post=2871"}],"version-history":[{"count":1,"href":"https:\/\/unione.gct.mi.it\/it\/wp-json\/wp\/v2\/posts\/2871\/revisions"}],"predecessor-version":[{"id":2875,"href":"https:\/\/unione.gct.mi.it\/it\/wp-json\/wp\/v2\/posts\/2871\/revisions\/2875"}],"wp:featuredmedia":[{"embeddable":true,"href":"https:\/\/unione.gct.mi.it\/it\/wp-json\/wp\/v2\/media\/2872"}],"wp:attachment":[{"href":"https:\/\/unione.gct.mi.it\/it\/wp-json\/wp\/v2\/media?parent=2871"}],"wp:term":[{"taxonomy":"category","embeddable":true,"href":"https:\/\/unione.gct.mi.it\/it\/wp-json\/wp\/v2\/categories?post=2871"},{"taxonomy":"post_tag","embeddable":true,"href":"https:\/\/unione.gct.mi.it\/it\/wp-json\/wp\/v2\/tags?post=2871"},{"taxonomy":"fonte","embeddable":true,"href":"https:\/\/unione.gct.mi.it\/it\/wp-json\/wp\/v2\/fonte?post=2871"},{"taxonomy":"posizione","embeddable":true,"href":"https:\/\/unione.gct.mi.it\/it\/wp-json\/wp\/v2\/posizione?post=2871"}],"curies":[{"name":"wp","href":"https:\/\/api.w.org\/{rel}","templated":true}]}}