{"id":2868,"date":"2026-03-09T16:41:51","date_gmt":"2026-03-09T15:41:51","guid":{"rendered":"https:\/\/assografici.it\/?p=8816"},"modified":"2026-03-11T15:54:31","modified_gmt":"2026-03-11T14:54:31","slug":"young-talent-award-2026-candidature-aperte-fino-all8-marzo-2026","status":"publish","type":"post","link":"https:\/\/unione.gct.mi.it\/it\/young-talent-award-2026-candidature-aperte-fino-all8-marzo-2026\/","title":{"rendered":"Young Talent Award 2026: candidature aperte fino all&#8217;1 aprile 2026"},"content":{"rendered":"<p data-start=\"127\" data-end=\"422\">L&#8217;1 aprile 2026 \u00e8 il termine entro il quale inviare le candidature per lo<strong>\u00a0Young Talent Award<\/strong>, il premio assegnato annualmente da\u00a0<strong>Intergraf<\/strong>\u00a0\u2013\u00a0<strong>Federazione<\/strong> europea per la stampa e la comunicazione digitale di cui \u00e8 membro Assografici, rivolto ai giovani professionisti e talenti del settore della stampa europea.<\/p>\n<p data-start=\"424\" data-end=\"695\">Il premio, rivolto a giovani fino ai 25 anni provenienti dai Paesi membri di Intergraf, offre l\u2019opportunit\u00e0 di confrontarsi con i leader dell\u2019industria grafica europea e di competere per un premio di 3.000 euro, oltre a una significativa visibilit\u00e0 a livello europeo.<\/p>\n<p data-start=\"764\" data-end=\"910\">L\u2019edizione 2026 si concentra su una sfida centrale per il settore: <strong data-start=\"833\" data-end=\"910\">\u201cWhat opportunities do you see for print in a hyper-personalised future?\u201d<\/strong><\/p>\n<p data-start=\"912\" data-end=\"1289\">In un contesto in cui la comunicazione \u00e8 sempre pi\u00f9 personalizzata, automatizzata e guidata dai dati, la stampa \u00e8 chiamata a evolversi per rispondere a nuove aspettative in termini di rilevanza, esperienza e responsabilit\u00e0. I candidati sono invitati a riflettere sulle opportunit\u00e0 future del print e sulle scelte strategiche necessarie per coglierle.<\/p>\n<p data-start=\"1501\" data-end=\"1757\">Dal 2017, Intergraf offre ai giovani talenti del settore grafico una piattaforma per presentare la propria visione, ottenere visibilit\u00e0 a livello nazionale ed europeo e contribuire a rendere l\u2019industria della stampa pi\u00f9 attrattiva per le nuove generazioni.<\/p>\n<p data-start=\"1759\" data-end=\"2133\">I tre migliori elaborati saranno valorizzati presso il settore grafico europeo e presso stakeholder chiave, mentre il primo classificato sar\u00e0 invitato a presentare il proprio lavoro alla conferenza Print Matters, in programma a Budapest il 5 giugno 2026.<\/p>\n<p>La brochure con maggiori informazioni sul concorso \u00e8\u00a0<span style=\"color: #0000ff;\"><a style=\"color: #0000ff;\" href=\"https:\/\/assografici.it\/wp-content\/uploads\/2026\/03\/young-talent-award-2026.pdf\" target=\"_blank\" rel=\"noopener\">disponibile qui<\/a><\/span>.<\/p>\n","protected":false},"excerpt":{"rendered":"<p>L&#8217;1 aprile 2026 \u00e8 il termine entro il quale inviare le candidature per lo\u00a0Young Talent Award, il premio assegnato annualmente da\u00a0Intergraf\u00a0\u2013\u00a0Federazione europea per la stampa e la comunicazione digitale di cui \u00e8 membro Assografici, rivolto ai giovani professionisti e talenti del settore della stampa europea. Il premio, rivolto a giovani fino ai 25 anni provenienti [&hellip;]<\/p>\n","protected":false},"author":8,"featured_media":2869,"comment_status":"closed","ping_status":"closed","sticky":false,"template":"","format":"standard","meta":{"_acf_changed":false,"_et_pb_use_builder":"","_et_pb_old_content":"","_et_gb_content_width":"","inline_featured_image":false,"footnotes":""},"categories":[149],"tags":[],"fonte":[123],"posizione":[65],"class_list":["post-2868","post","type-post","status-publish","format-standard","has-post-thumbnail","hentry","category-premi","fonte-intergraf","posizione-news-di-sistema"],"acf":[],"yoast_head":"<!-- This site is optimized with the Yoast SEO plugin v27.4 - https:\/\/yoast.com\/product\/yoast-seo-wordpress\/ -->\n<title>Young Talent Award 2026: candidature aperte fino all&#039;1 aprile 2026 - Unione GCT<\/title>\n<meta name=\"robots\" content=\"index, follow, max-snippet:-1, max-image-preview:large, max-video-preview:-1\" \/>\n<link rel=\"canonical\" href=\"https:\/\/unione.gct.mi.it\/it\/young-talent-award-2026-candidature-aperte-fino-all8-marzo-2026\/\" \/>\n<meta property=\"og:locale\" content=\"it_IT\" \/>\n<meta property=\"og:type\" content=\"article\" \/>\n<meta property=\"og:title\" content=\"Young Talent Award 2026: candidature aperte fino all&#039;1 aprile 2026 - Unione GCT\" \/>\n<meta property=\"og:description\" content=\"L&#8217;1 aprile 2026 \u00e8 il termine entro il quale inviare le candidature per lo\u00a0Young Talent Award, il premio assegnato annualmente da\u00a0Intergraf\u00a0\u2013\u00a0Federazione europea per la stampa e la comunicazione digitale di cui \u00e8 membro Assografici, rivolto ai giovani professionisti e talenti del settore della stampa europea. Il premio, rivolto a giovani fino ai 25 anni provenienti [&hellip;]\" \/>\n<meta property=\"og:url\" content=\"https:\/\/unione.gct.mi.it\/it\/young-talent-award-2026-candidature-aperte-fino-all8-marzo-2026\/\" \/>\n<meta property=\"og:site_name\" content=\"Unione GCT\" \/>\n<meta property=\"article:published_time\" content=\"2026-03-09T15:41:51+00:00\" \/>\n<meta property=\"article:modified_time\" content=\"2026-03-11T14:54:31+00:00\" \/>\n<meta property=\"og:image\" content=\"https:\/\/unione.gct.mi.it\/wp-content\/uploads\/sites\/3\/2026\/03\/Screenshot-2025-12-18-alle-10.08.41-696x482-1.png\" \/>\n\t<meta property=\"og:image:width\" content=\"696\" \/>\n\t<meta property=\"og:image:height\" content=\"482\" \/>\n\t<meta property=\"og:image:type\" content=\"image\/png\" \/>\n<meta name=\"author\" content=\"ruggero\" \/>\n<meta name=\"twitter:card\" content=\"summary_large_image\" \/>\n<meta name=\"twitter:label1\" content=\"Scritto da\" \/>\n\t<meta name=\"twitter:data1\" content=\"ruggero\" \/>\n\t<meta name=\"twitter:label2\" content=\"Tempo di lettura stimato\" \/>\n\t<meta name=\"twitter:data2\" content=\"2 minuti\" \/>\n<script type=\"application\/ld+json\" class=\"yoast-schema-graph\">{\"@context\":\"https:\\\/\\\/schema.org\",\"@graph\":[{\"@type\":\"Article\",\"@id\":\"https:\\\/\\\/unione.gct.mi.it\\\/it\\\/young-talent-award-2026-candidature-aperte-fino-all8-marzo-2026\\\/#article\",\"isPartOf\":{\"@id\":\"https:\\\/\\\/unione.gct.mi.it\\\/it\\\/young-talent-award-2026-candidature-aperte-fino-all8-marzo-2026\\\/\"},\"author\":{\"name\":\"ruggero\",\"@id\":\"https:\\\/\\\/unione.gct.mi.it\\\/it\\\/#\\\/schema\\\/person\\\/d9e69f409f0f83e24b4b3e2d331a3589\"},\"headline\":\"Young Talent Award 2026: candidature aperte fino all&#8217;1 aprile 2026\",\"datePublished\":\"2026-03-09T15:41:51+00:00\",\"dateModified\":\"2026-03-11T14:54:31+00:00\",\"mainEntityOfPage\":{\"@id\":\"https:\\\/\\\/unione.gct.mi.it\\\/it\\\/young-talent-award-2026-candidature-aperte-fino-all8-marzo-2026\\\/\"},\"wordCount\":249,\"publisher\":{\"@id\":\"https:\\\/\\\/unione.gct.mi.it\\\/it\\\/#organization\"},\"image\":{\"@id\":\"https:\\\/\\\/unione.gct.mi.it\\\/it\\\/young-talent-award-2026-candidature-aperte-fino-all8-marzo-2026\\\/#primaryimage\"},\"thumbnailUrl\":\"https:\\\/\\\/unione.gct.mi.it\\\/wp-content\\\/uploads\\\/sites\\\/3\\\/2026\\\/03\\\/Screenshot-2025-12-18-alle-10.08.41-696x482-1.png\",\"articleSection\":[\"Premi\"],\"inLanguage\":\"it-IT\"},{\"@type\":\"WebPage\",\"@id\":\"https:\\\/\\\/unione.gct.mi.it\\\/it\\\/young-talent-award-2026-candidature-aperte-fino-all8-marzo-2026\\\/\",\"url\":\"https:\\\/\\\/unione.gct.mi.it\\\/it\\\/young-talent-award-2026-candidature-aperte-fino-all8-marzo-2026\\\/\",\"name\":\"Young Talent Award 2026: candidature aperte fino all'1 aprile 2026 - Unione GCT\",\"isPartOf\":{\"@id\":\"https:\\\/\\\/unione.gct.mi.it\\\/it\\\/#website\"},\"primaryImageOfPage\":{\"@id\":\"https:\\\/\\\/unione.gct.mi.it\\\/it\\\/young-talent-award-2026-candidature-aperte-fino-all8-marzo-2026\\\/#primaryimage\"},\"image\":{\"@id\":\"https:\\\/\\\/unione.gct.mi.it\\\/it\\\/young-talent-award-2026-candidature-aperte-fino-all8-marzo-2026\\\/#primaryimage\"},\"thumbnailUrl\":\"https:\\\/\\\/unione.gct.mi.it\\\/wp-content\\\/uploads\\\/sites\\\/3\\\/2026\\\/03\\\/Screenshot-2025-12-18-alle-10.08.41-696x482-1.png\",\"datePublished\":\"2026-03-09T15:41:51+00:00\",\"dateModified\":\"2026-03-11T14:54:31+00:00\",\"breadcrumb\":{\"@id\":\"https:\\\/\\\/unione.gct.mi.it\\\/it\\\/young-talent-award-2026-candidature-aperte-fino-all8-marzo-2026\\\/#breadcrumb\"},\"inLanguage\":\"it-IT\",\"potentialAction\":[{\"@type\":\"ReadAction\",\"target\":[\"https:\\\/\\\/unione.gct.mi.it\\\/it\\\/young-talent-award-2026-candidature-aperte-fino-all8-marzo-2026\\\/\"]}]},{\"@type\":\"ImageObject\",\"inLanguage\":\"it-IT\",\"@id\":\"https:\\\/\\\/unione.gct.mi.it\\\/it\\\/young-talent-award-2026-candidature-aperte-fino-all8-marzo-2026\\\/#primaryimage\",\"url\":\"https:\\\/\\\/unione.gct.mi.it\\\/wp-content\\\/uploads\\\/sites\\\/3\\\/2026\\\/03\\\/Screenshot-2025-12-18-alle-10.08.41-696x482-1.png\",\"contentUrl\":\"https:\\\/\\\/unione.gct.mi.it\\\/wp-content\\\/uploads\\\/sites\\\/3\\\/2026\\\/03\\\/Screenshot-2025-12-18-alle-10.08.41-696x482-1.png\",\"width\":696,\"height\":482},{\"@type\":\"BreadcrumbList\",\"@id\":\"https:\\\/\\\/unione.gct.mi.it\\\/it\\\/young-talent-award-2026-candidature-aperte-fino-all8-marzo-2026\\\/#breadcrumb\",\"itemListElement\":[{\"@type\":\"ListItem\",\"position\":1,\"name\":\"Home\",\"item\":\"https:\\\/\\\/unione.gct.mi.it\\\/\"},{\"@type\":\"ListItem\",\"position\":2,\"name\":\"Young Talent Award 2026: candidature aperte fino all&#8217;1 aprile 2026\"}]},{\"@type\":\"WebSite\",\"@id\":\"https:\\\/\\\/unione.gct.mi.it\\\/it\\\/#website\",\"url\":\"https:\\\/\\\/unione.gct.mi.it\\\/it\\\/\",\"name\":\"Unione GCT\",\"description\":\"Unione Grafici Cartotecnici Trasformatori Carta\",\"publisher\":{\"@id\":\"https:\\\/\\\/unione.gct.mi.it\\\/it\\\/#organization\"},\"potentialAction\":[{\"@type\":\"SearchAction\",\"target\":{\"@type\":\"EntryPoint\",\"urlTemplate\":\"https:\\\/\\\/unione.gct.mi.it\\\/it\\\/?s={search_term_string}\"},\"query-input\":{\"@type\":\"PropertyValueSpecification\",\"valueRequired\":true,\"valueName\":\"search_term_string\"}}],\"inLanguage\":\"it-IT\"},{\"@type\":\"Organization\",\"@id\":\"https:\\\/\\\/unione.gct.mi.it\\\/it\\\/#organization\",\"name\":\"Unione Industriali Grafici Cartotecnici Trasformatori carta e affini della provincia di Milano\",\"url\":\"https:\\\/\\\/unione.gct.mi.it\\\/it\\\/\",\"logo\":{\"@type\":\"ImageObject\",\"inLanguage\":\"it-IT\",\"@id\":\"https:\\\/\\\/unione.gct.mi.it\\\/it\\\/#\\\/schema\\\/logo\\\/image\\\/\",\"url\":\"https:\\\/\\\/unione.gct.mi.it\\\/wp-content\\\/uploads\\\/sites\\\/3\\\/2021\\\/01\\\/logo-unione.jpg\",\"contentUrl\":\"https:\\\/\\\/unione.gct.mi.it\\\/wp-content\\\/uploads\\\/sites\\\/3\\\/2021\\\/01\\\/logo-unione.jpg\",\"width\":348,\"height\":98,\"caption\":\"Unione Industriali Grafici Cartotecnici Trasformatori carta e affini della provincia di Milano\"},\"image\":{\"@id\":\"https:\\\/\\\/unione.gct.mi.it\\\/it\\\/#\\\/schema\\\/logo\\\/image\\\/\"},\"sameAs\":[\"https:\\\/\\\/www.linkedin.com\\\/company\\\/gct-milano\"]},{\"@type\":\"Person\",\"@id\":\"https:\\\/\\\/unione.gct.mi.it\\\/it\\\/#\\\/schema\\\/person\\\/d9e69f409f0f83e24b4b3e2d331a3589\",\"name\":\"ruggero\",\"image\":{\"@type\":\"ImageObject\",\"inLanguage\":\"it-IT\",\"@id\":\"https:\\\/\\\/secure.gravatar.com\\\/avatar\\\/3161daf3d18a4a2a6a7cb7e278ccc5dda11e65c90c54e4b3367113765b8182ba?s=96&d=mm&r=g\",\"url\":\"https:\\\/\\\/secure.gravatar.com\\\/avatar\\\/3161daf3d18a4a2a6a7cb7e278ccc5dda11e65c90c54e4b3367113765b8182ba?s=96&d=mm&r=g\",\"contentUrl\":\"https:\\\/\\\/secure.gravatar.com\\\/avatar\\\/3161daf3d18a4a2a6a7cb7e278ccc5dda11e65c90c54e4b3367113765b8182ba?s=96&d=mm&r=g\",\"caption\":\"ruggero\"}}]}<\/script>\n<!-- \/ Yoast SEO plugin. -->","yoast_head_json":{"title":"Young Talent Award 2026: candidature aperte fino all'1 aprile 2026 - Unione GCT","robots":{"index":"index","follow":"follow","max-snippet":"max-snippet:-1","max-image-preview":"max-image-preview:large","max-video-preview":"max-video-preview:-1"},"canonical":"https:\/\/unione.gct.mi.it\/it\/young-talent-award-2026-candidature-aperte-fino-all8-marzo-2026\/","og_locale":"it_IT","og_type":"article","og_title":"Young Talent Award 2026: candidature aperte fino all'1 aprile 2026 - Unione GCT","og_description":"L&#8217;1 aprile 2026 \u00e8 il termine entro il quale inviare le candidature per lo\u00a0Young Talent Award, il premio assegnato annualmente da\u00a0Intergraf\u00a0\u2013\u00a0Federazione europea per la stampa e la comunicazione digitale di cui \u00e8 membro Assografici, rivolto ai giovani professionisti e talenti del settore della stampa europea. Il premio, rivolto a giovani fino ai 25 anni provenienti [&hellip;]","og_url":"https:\/\/unione.gct.mi.it\/it\/young-talent-award-2026-candidature-aperte-fino-all8-marzo-2026\/","og_site_name":"Unione GCT","article_published_time":"2026-03-09T15:41:51+00:00","article_modified_time":"2026-03-11T14:54:31+00:00","og_image":[{"width":696,"height":482,"url":"https:\/\/unione.gct.mi.it\/wp-content\/uploads\/sites\/3\/2026\/03\/Screenshot-2025-12-18-alle-10.08.41-696x482-1.png","type":"image\/png"}],"author":"ruggero","twitter_card":"summary_large_image","twitter_misc":{"Scritto da":"ruggero","Tempo di lettura stimato":"2 minuti"},"schema":{"@context":"https:\/\/schema.org","@graph":[{"@type":"Article","@id":"https:\/\/unione.gct.mi.it\/it\/young-talent-award-2026-candidature-aperte-fino-all8-marzo-2026\/#article","isPartOf":{"@id":"https:\/\/unione.gct.mi.it\/it\/young-talent-award-2026-candidature-aperte-fino-all8-marzo-2026\/"},"author":{"name":"ruggero","@id":"https:\/\/unione.gct.mi.it\/it\/#\/schema\/person\/d9e69f409f0f83e24b4b3e2d331a3589"},"headline":"Young Talent Award 2026: candidature aperte fino all&#8217;1 aprile 2026","datePublished":"2026-03-09T15:41:51+00:00","dateModified":"2026-03-11T14:54:31+00:00","mainEntityOfPage":{"@id":"https:\/\/unione.gct.mi.it\/it\/young-talent-award-2026-candidature-aperte-fino-all8-marzo-2026\/"},"wordCount":249,"publisher":{"@id":"https:\/\/unione.gct.mi.it\/it\/#organization"},"image":{"@id":"https:\/\/unione.gct.mi.it\/it\/young-talent-award-2026-candidature-aperte-fino-all8-marzo-2026\/#primaryimage"},"thumbnailUrl":"https:\/\/unione.gct.mi.it\/wp-content\/uploads\/sites\/3\/2026\/03\/Screenshot-2025-12-18-alle-10.08.41-696x482-1.png","articleSection":["Premi"],"inLanguage":"it-IT"},{"@type":"WebPage","@id":"https:\/\/unione.gct.mi.it\/it\/young-talent-award-2026-candidature-aperte-fino-all8-marzo-2026\/","url":"https:\/\/unione.gct.mi.it\/it\/young-talent-award-2026-candidature-aperte-fino-all8-marzo-2026\/","name":"Young Talent Award 2026: candidature aperte fino all'1 aprile 2026 - Unione GCT","isPartOf":{"@id":"https:\/\/unione.gct.mi.it\/it\/#website"},"primaryImageOfPage":{"@id":"https:\/\/unione.gct.mi.it\/it\/young-talent-award-2026-candidature-aperte-fino-all8-marzo-2026\/#primaryimage"},"image":{"@id":"https:\/\/unione.gct.mi.it\/it\/young-talent-award-2026-candidature-aperte-fino-all8-marzo-2026\/#primaryimage"},"thumbnailUrl":"https:\/\/unione.gct.mi.it\/wp-content\/uploads\/sites\/3\/2026\/03\/Screenshot-2025-12-18-alle-10.08.41-696x482-1.png","datePublished":"2026-03-09T15:41:51+00:00","dateModified":"2026-03-11T14:54:31+00:00","breadcrumb":{"@id":"https:\/\/unione.gct.mi.it\/it\/young-talent-award-2026-candidature-aperte-fino-all8-marzo-2026\/#breadcrumb"},"inLanguage":"it-IT","potentialAction":[{"@type":"ReadAction","target":["https:\/\/unione.gct.mi.it\/it\/young-talent-award-2026-candidature-aperte-fino-all8-marzo-2026\/"]}]},{"@type":"ImageObject","inLanguage":"it-IT","@id":"https:\/\/unione.gct.mi.it\/it\/young-talent-award-2026-candidature-aperte-fino-all8-marzo-2026\/#primaryimage","url":"https:\/\/unione.gct.mi.it\/wp-content\/uploads\/sites\/3\/2026\/03\/Screenshot-2025-12-18-alle-10.08.41-696x482-1.png","contentUrl":"https:\/\/unione.gct.mi.it\/wp-content\/uploads\/sites\/3\/2026\/03\/Screenshot-2025-12-18-alle-10.08.41-696x482-1.png","width":696,"height":482},{"@type":"BreadcrumbList","@id":"https:\/\/unione.gct.mi.it\/it\/young-talent-award-2026-candidature-aperte-fino-all8-marzo-2026\/#breadcrumb","itemListElement":[{"@type":"ListItem","position":1,"name":"Home","item":"https:\/\/unione.gct.mi.it\/"},{"@type":"ListItem","position":2,"name":"Young Talent Award 2026: candidature aperte fino all&#8217;1 aprile 2026"}]},{"@type":"WebSite","@id":"https:\/\/unione.gct.mi.it\/it\/#website","url":"https:\/\/unione.gct.mi.it\/it\/","name":"Unione GCT","description":"Unione Grafici Cartotecnici Trasformatori Carta","publisher":{"@id":"https:\/\/unione.gct.mi.it\/it\/#organization"},"potentialAction":[{"@type":"SearchAction","target":{"@type":"EntryPoint","urlTemplate":"https:\/\/unione.gct.mi.it\/it\/?s={search_term_string}"},"query-input":{"@type":"PropertyValueSpecification","valueRequired":true,"valueName":"search_term_string"}}],"inLanguage":"it-IT"},{"@type":"Organization","@id":"https:\/\/unione.gct.mi.it\/it\/#organization","name":"Unione Industriali Grafici Cartotecnici Trasformatori carta e affini della provincia di Milano","url":"https:\/\/unione.gct.mi.it\/it\/","logo":{"@type":"ImageObject","inLanguage":"it-IT","@id":"https:\/\/unione.gct.mi.it\/it\/#\/schema\/logo\/image\/","url":"https:\/\/unione.gct.mi.it\/wp-content\/uploads\/sites\/3\/2021\/01\/logo-unione.jpg","contentUrl":"https:\/\/unione.gct.mi.it\/wp-content\/uploads\/sites\/3\/2021\/01\/logo-unione.jpg","width":348,"height":98,"caption":"Unione Industriali Grafici Cartotecnici Trasformatori carta e affini della provincia di Milano"},"image":{"@id":"https:\/\/unione.gct.mi.it\/it\/#\/schema\/logo\/image\/"},"sameAs":["https:\/\/www.linkedin.com\/company\/gct-milano"]},{"@type":"Person","@id":"https:\/\/unione.gct.mi.it\/it\/#\/schema\/person\/d9e69f409f0f83e24b4b3e2d331a3589","name":"ruggero","image":{"@type":"ImageObject","inLanguage":"it-IT","@id":"https:\/\/secure.gravatar.com\/avatar\/3161daf3d18a4a2a6a7cb7e278ccc5dda11e65c90c54e4b3367113765b8182ba?s=96&d=mm&r=g","url":"https:\/\/secure.gravatar.com\/avatar\/3161daf3d18a4a2a6a7cb7e278ccc5dda11e65c90c54e4b3367113765b8182ba?s=96&d=mm&r=g","contentUrl":"https:\/\/secure.gravatar.com\/avatar\/3161daf3d18a4a2a6a7cb7e278ccc5dda11e65c90c54e4b3367113765b8182ba?s=96&d=mm&r=g","caption":"ruggero"}}]}},"_links":{"self":[{"href":"https:\/\/unione.gct.mi.it\/it\/wp-json\/wp\/v2\/posts\/2868","targetHints":{"allow":["GET"]}}],"collection":[{"href":"https:\/\/unione.gct.mi.it\/it\/wp-json\/wp\/v2\/posts"}],"about":[{"href":"https:\/\/unione.gct.mi.it\/it\/wp-json\/wp\/v2\/types\/post"}],"author":[{"embeddable":true,"href":"https:\/\/unione.gct.mi.it\/it\/wp-json\/wp\/v2\/users\/8"}],"replies":[{"embeddable":true,"href":"https:\/\/unione.gct.mi.it\/it\/wp-json\/wp\/v2\/comments?post=2868"}],"version-history":[{"count":1,"href":"https:\/\/unione.gct.mi.it\/it\/wp-json\/wp\/v2\/posts\/2868\/revisions"}],"predecessor-version":[{"id":2876,"href":"https:\/\/unione.gct.mi.it\/it\/wp-json\/wp\/v2\/posts\/2868\/revisions\/2876"}],"wp:featuredmedia":[{"embeddable":true,"href":"https:\/\/unione.gct.mi.it\/it\/wp-json\/wp\/v2\/media\/2869"}],"wp:attachment":[{"href":"https:\/\/unione.gct.mi.it\/it\/wp-json\/wp\/v2\/media?parent=2868"}],"wp:term":[{"taxonomy":"category","embeddable":true,"href":"https:\/\/unione.gct.mi.it\/it\/wp-json\/wp\/v2\/categories?post=2868"},{"taxonomy":"post_tag","embeddable":true,"href":"https:\/\/unione.gct.mi.it\/it\/wp-json\/wp\/v2\/tags?post=2868"},{"taxonomy":"fonte","embeddable":true,"href":"https:\/\/unione.gct.mi.it\/it\/wp-json\/wp\/v2\/fonte?post=2868"},{"taxonomy":"posizione","embeddable":true,"href":"https:\/\/unione.gct.mi.it\/it\/wp-json\/wp\/v2\/posizione?post=2868"}],"curies":[{"name":"wp","href":"https:\/\/api.w.org\/{rel}","templated":true}]}}