{"id":2618,"date":"2025-06-04T10:46:35","date_gmt":"2025-06-04T08:46:35","guid":{"rendered":"https:\/\/federazionecartagrafica.it\/?p=6895"},"modified":"2025-06-05T16:51:51","modified_gmt":"2025-06-05T14:51:51","slug":"i-primati-leuropa-lagenda-della-filiera-andrea-damato-nuovo-presidente-della-federazione-carta-e-grafica","status":"publish","type":"post","link":"https:\/\/unione.gct.mi.it\/it\/i-primati-leuropa-lagenda-della-filiera-andrea-damato-nuovo-presidente-della-federazione-carta-e-grafica\/","title":{"rendered":"I primati, l&#8217;Europa, l&#8217;agenda della filiera: Andrea D&#8217;Amato nuovo presidente della Federazione Carta e Grafica"},"content":{"rendered":"<p><strong>Regolamento PPWR<\/strong>, <strong>energia<\/strong>, <strong>transizione 5.0<\/strong> e <strong>decarbonizzazione<\/strong>, importanza della <strong>lettura su carta<\/strong>. Un&#8217;agenda fitta sin dal debutto, quella di <strong>Andrea D&#8217;Amato,<\/strong> che nell&#8217;Assemblea pubblica, tenuta il 29 maggio in FieraMilano, nell&#8217;ambito della manifestazione Print4All, ha tenuto il suo primo discorso da <strong>presidente della Federazione Carta e Grafica<\/strong>.<\/p>\n<p><strong>\u201cL\u2019attuazione del Regolamento sugli imballaggi sar\u00e0 il banco di prova<\/strong> per capire se l\u2019Europa s\u2019\u00e8 veramente desta, ovvero \u00e8 capace di perseguire una <strong>sostenibilit\u00e0 pragmatica<\/strong>, che non penalizzi la competitivit\u00e0 delle imprese\u201c, ha evidenziato nella sua relazione d\u2019apertura il neoeletto presidente, che ha fatto pi\u00f9 di un riferimento ai temi affrontati nell&#8217;assemblea di Confindustria, due giorni prima: \u201cOccorre un <strong>mercato europeo dell\u2019energia<\/strong>, un\u2019Unione che punti al <strong>disaccoppiamento tra energie fossili e rinnovabili<\/strong> e aumenti la trasparenza e la competitivit\u00e0 dei mercati. Per gli investimenti, fondamentale <strong>prorogare e rilanciare Transizione 5.0<\/strong> e supportare soprattutto chi deve fare un percorso di <strong>decarbonizzazione<\/strong>\u201d.<img loading=\"lazy\" decoding=\"async\" class=\"size-medium wp-image-6901 alignright\" src=\"https:\/\/federazionecartagrafica.it\/wp-content\/uploads\/sites\/2\/2025\/06\/DAMATO_ASS_FCG_2025-225x300.jpg\" alt=\"\" width=\"225\" height=\"300\" \/><\/p>\n<p>D\u2019Amato, in chiusura del suo intervento, si \u00e8 soffermato su un tema che, pur non riguardando strettamente le politiche industriali, \u00e8 presidiato con tenacia dalla Federazione, quello dei <strong>libri e della lettura su carta<\/strong>: \u201cla lettura su carta e la scrittura a mano in corsivo sono<strong> medicine urgenti e fondamentali per lo sviluppo psicofisico delle nuove generazioni,<\/strong> compromesso oggi dagli effetti derivanti da un eccesso di digitale\u201d.<\/p>\n<p>La panoramica del settore con i dati aggiornati ha caratterizzato una parte significativa della relazione del presidente: \u201cNel 2024 \u2013 ha comunicato D\u2019Amato &#8211; il valore di fatturato del complesso dei quattro settori appartenenti alla Federazione Carta Grafica &#8211; macchine per la grafica e la cartotecnica, cartario, grafico e cartotecnico trasformatore &#8211; si \u00e8 assestato a <strong>26,9 miliardi di euro, cio\u00e8 l\u20191,2% del Pil nazionale<\/strong>. Il saldo della <strong>bilancia commerciale con l\u2019estero \u00e8 positivo per 4 miliardi di euro, corrispondente al 7% del surplus commerciale<\/strong> totale dell\u2019Italia si stima che la <strong>filiera coinvolga quasi 16.000 aziende, per oltre 160.000 addetti<\/strong>\u201d.<\/p>\n<p>&nbsp;<\/p>\n<p><a href=\"https:\/\/federazionecartagrafica.it\/wp-content\/uploads\/sites\/2\/2025\/06\/NOTACS_FCG_2025.png\" target=\"_blank\" rel=\"noopener\"><img loading=\"lazy\" decoding=\"async\" class=\"alignleft wp-image-6903\" src=\"https:\/\/federazionecartagrafica.it\/wp-content\/uploads\/sites\/2\/2025\/06\/NOTACS_FCG_2025-199x300.png\" alt=\"\" width=\"122\" height=\"184\" \/><\/a>Sottolineata la circolarit\u00e0 da record che caratterizza la filiera (anche quest\u2019anno il <strong>tasso di riciclo \u00e8 ben oltre l\u2019obiettivo comunitario dell\u201985% al 2030<\/strong>, grazie all\u2019azione di <strong>Comieco<\/strong>, socio aggregato della Federazione) e i molteplici primati produttivi a livello europeo:<strong> terza industria cartaria, leader nel tissue, secondi nella produzione di imballaggi in cartone ondulato, primi nell\u2019export di imballaggio flessibile, seconda industria grafica<\/strong>; e, per concludere, la <strong>leadership mondiale in un segmento di eccellenza della produzione di macchine, quelle per la cartotecnica e converting<\/strong>. Indicazioni da cui la Federazione Carta Grafica emerge come rappresentante di una filiera significativa del Made in Italy che, in termini di output di prodotto finale, porta i nostri stampati e i nostri packaging in giro per il mondo, da soli o in accompagnamento alle nostre merci. &#8220;Un ruolo importante, soprattutto in un contesto in cui i dazi tornano a essere strumento di politica commerciale e protezionismo, per<strong> rinforzare la fiducia nel prodotto italiano e per giustificarne il posizionamento premium<\/strong> &#8211; ha concluso D&#8217;Amato &#8211; , con il packaging che assume un ruolo strategico non solo logistico ma soprattutto comunicativo e identitario, diventando un asset competitivo per il Made in Italy\u201d.<\/p>\n<p>Uno dei temi pi\u00f9 caldi del momento, quello della<strong> disponibilit\u00e0 e dei costi dell&#8217;energia<\/strong> \u00e8 stato affrontato nella tavola rotonda della seconda parte dell&#8217;assemblea dal vicepresidente di Confindustria con delega alle politiche industriali e al Made in Italy, <strong>Giuseppe Nocivelli<\/strong>: \u00c8 una questione che segna la differenza fra l&#8217;essere competitivi o non esserlo in certi settori, non affrontarla rischia di portare a deindustrializzazione e spostamento delle produzioni verso Paesi dove i costi energetici incidono meno.<strong> \u00c8 rischioso, in Europa, affrontare come una competizione il discorso sui prezzi energetici &#8211; ha avvertito Nocivelli -: va piuttosto cercata la soluzione per eliminare le differenze,<\/strong> che mettono alcune industrie in difficolt\u00e0 come la nostra, bisogna abolire comfort zone che vedono alcuni Paesi in condizioni migliori degli altri, penalizzando per\u00f2 l&#8217;industria europea nel suo complesso&#8221;.<\/p>\n<p><img loading=\"lazy\" decoding=\"async\" class=\"size-medium wp-image-6897 aligncenter\" src=\"https:\/\/federazionecartagrafica.it\/wp-content\/uploads\/sites\/2\/2025\/06\/ASS_FCG_2025-300x169.jpg\" alt=\"\" width=\"300\" height=\"169\" \/><\/p>\n<p>Insieme con il vicepresidente di Confindustria, hanno preso parte alla tavola rotonda, moderata del responsabile del settore economia del Corriere della Sera <strong>Nicola Saldutti<\/strong>, i due vicepresidenti che affiancheranno D&#8217;Amato, <strong>Lorenzo Poli<\/strong>, presidente di Assocarta e <strong>Aldo Peretti<\/strong>, consigliere past-president di Acimga e il past president della Federazione <strong>Michele Bianchi<\/strong>.<\/p>\n<p>Hanno portato il loro contributo all&#8217;Assemblea, con messaggi video,<strong> l&#8217;on. Antonella Sberna, vicepresidente del Parlamento Europeo<\/strong> (qui l&#8217;intervento: <a href=\"https:\/\/youtu.be\/63D4Yu5WQ5k?si=yFo1o7_H9xfM_aC2\" target=\"_blank\" rel=\"noopener\">https:\/\/youtu.be\/63D4Yu5WQ5k?si=yFo1o7_H9xfM_aC2<\/a>) e <strong>l&#8217;on. Raffaele Fitto vicepresidente esecutivo della Commissione UE<\/strong> (qui l&#8217;intervento: <a href=\"https:\/\/youtu.be\/cek5KLQ3m68?si=dz7uw5__8bEpCY7f\" target=\"_blank\" rel=\"noopener\">https:\/\/youtu.be\/cek5KLQ3m68?si=dz7uw5__8bEpCY7f<\/a>).<\/p>\n","protected":false},"excerpt":{"rendered":"<p>Regolamento PPWR, energia, transizione 5.0 e decarbonizzazione, importanza della lettura su carta. Un&#8217;agenda fitta sin dal debutto, quella di Andrea D&#8217;Amato, che nell&#8217;Assemblea pubblica, tenuta il 29 maggio in FieraMilano, nell&#8217;ambito della manifestazione Print4All, ha tenuto il suo primo discorso da presidente della Federazione Carta e Grafica. \u201cL\u2019attuazione del Regolamento sugli imballaggi sar\u00e0 il banco [&hellip;]<\/p>\n","protected":false},"author":10,"featured_media":2619,"comment_status":"closed","ping_status":"closed","sticky":false,"template":"","format":"standard","meta":{"_acf_changed":false,"_et_pb_use_builder":"","_et_pb_old_content":"","_et_gb_content_width":"","inline_featured_image":false,"footnotes":""},"categories":[147],"tags":[],"fonte":[91],"posizione":[65],"class_list":["post-2618","post","type-post","status-publish","format-standard","has-post-thumbnail","hentry","category-assemblea-di-federazione","fonte-federazione-carta-e-grafica-2","posizione-news-di-sistema"],"acf":[],"yoast_head":"<!-- This site is optimized with the Yoast SEO plugin v27.5 - https:\/\/yoast.com\/product\/yoast-seo-wordpress\/ -->\n<title>I primati, l&#039;Europa, l&#039;agenda della filiera: Andrea D&#039;Amato nuovo presidente della Federazione Carta e Grafica - Unione GCT<\/title>\n<meta name=\"robots\" content=\"index, follow, max-snippet:-1, max-image-preview:large, max-video-preview:-1\" \/>\n<link rel=\"canonical\" href=\"https:\/\/unione.gct.mi.it\/it\/i-primati-leuropa-lagenda-della-filiera-andrea-damato-nuovo-presidente-della-federazione-carta-e-grafica\/\" \/>\n<meta property=\"og:locale\" content=\"it_IT\" \/>\n<meta property=\"og:type\" content=\"article\" \/>\n<meta property=\"og:title\" content=\"I primati, l&#039;Europa, l&#039;agenda della filiera: Andrea D&#039;Amato nuovo presidente della Federazione Carta e Grafica - Unione GCT\" \/>\n<meta property=\"og:description\" content=\"Regolamento PPWR, energia, transizione 5.0 e decarbonizzazione, importanza della lettura su carta. Un&#8217;agenda fitta sin dal debutto, quella di Andrea D&#8217;Amato, che nell&#8217;Assemblea pubblica, tenuta il 29 maggio in FieraMilano, nell&#8217;ambito della manifestazione Print4All, ha tenuto il suo primo discorso da presidente della Federazione Carta e Grafica. \u201cL\u2019attuazione del Regolamento sugli imballaggi sar\u00e0 il banco [&hellip;]\" \/>\n<meta property=\"og:url\" content=\"https:\/\/unione.gct.mi.it\/it\/i-primati-leuropa-lagenda-della-filiera-andrea-damato-nuovo-presidente-della-federazione-carta-e-grafica\/\" \/>\n<meta property=\"og:site_name\" content=\"Unione GCT\" \/>\n<meta property=\"article:published_time\" content=\"2025-06-04T08:46:35+00:00\" \/>\n<meta property=\"article:modified_time\" content=\"2025-06-05T14:51:51+00:00\" \/>\n<meta property=\"og:image\" content=\"https:\/\/unione.gct.mi.it\/wp-content\/uploads\/sites\/3\/2025\/06\/damatocopertina_ASS_FCG_2025.jpg\" \/>\n\t<meta property=\"og:image:width\" content=\"2225\" \/>\n\t<meta property=\"og:image:height\" content=\"1682\" \/>\n\t<meta property=\"og:image:type\" content=\"image\/jpeg\" \/>\n<meta name=\"author\" content=\"enricosbandi\" \/>\n<meta name=\"twitter:card\" content=\"summary_large_image\" \/>\n<meta name=\"twitter:label1\" content=\"Scritto da\" \/>\n\t<meta name=\"twitter:data1\" content=\"enricosbandi\" \/>\n\t<meta name=\"twitter:label2\" content=\"Tempo di lettura stimato\" \/>\n\t<meta name=\"twitter:data2\" content=\"5 minuti\" \/>\n<script type=\"application\/ld+json\" class=\"yoast-schema-graph\">{\"@context\":\"https:\\\/\\\/schema.org\",\"@graph\":[{\"@type\":\"Article\",\"@id\":\"https:\\\/\\\/unione.gct.mi.it\\\/it\\\/i-primati-leuropa-lagenda-della-filiera-andrea-damato-nuovo-presidente-della-federazione-carta-e-grafica\\\/#article\",\"isPartOf\":{\"@id\":\"https:\\\/\\\/unione.gct.mi.it\\\/it\\\/i-primati-leuropa-lagenda-della-filiera-andrea-damato-nuovo-presidente-della-federazione-carta-e-grafica\\\/\"},\"author\":{\"name\":\"enricosbandi\",\"@id\":\"https:\\\/\\\/unione.gct.mi.it\\\/it\\\/#\\\/schema\\\/person\\\/0a527942a7bba1368f20325090c35556\"},\"headline\":\"I primati, l&#8217;Europa, l&#8217;agenda della filiera: Andrea D&#8217;Amato nuovo presidente della Federazione Carta e Grafica\",\"datePublished\":\"2025-06-04T08:46:35+00:00\",\"dateModified\":\"2025-06-05T14:51:51+00:00\",\"mainEntityOfPage\":{\"@id\":\"https:\\\/\\\/unione.gct.mi.it\\\/it\\\/i-primati-leuropa-lagenda-della-filiera-andrea-damato-nuovo-presidente-della-federazione-carta-e-grafica\\\/\"},\"wordCount\":769,\"publisher\":{\"@id\":\"https:\\\/\\\/unione.gct.mi.it\\\/it\\\/#organization\"},\"image\":{\"@id\":\"https:\\\/\\\/unione.gct.mi.it\\\/it\\\/i-primati-leuropa-lagenda-della-filiera-andrea-damato-nuovo-presidente-della-federazione-carta-e-grafica\\\/#primaryimage\"},\"thumbnailUrl\":\"https:\\\/\\\/unione.gct.mi.it\\\/wp-content\\\/uploads\\\/sites\\\/3\\\/2025\\\/06\\\/damatocopertina_ASS_FCG_2025.jpg\",\"articleSection\":[\"Assemblea di Federazione\"],\"inLanguage\":\"it-IT\"},{\"@type\":\"WebPage\",\"@id\":\"https:\\\/\\\/unione.gct.mi.it\\\/it\\\/i-primati-leuropa-lagenda-della-filiera-andrea-damato-nuovo-presidente-della-federazione-carta-e-grafica\\\/\",\"url\":\"https:\\\/\\\/unione.gct.mi.it\\\/it\\\/i-primati-leuropa-lagenda-della-filiera-andrea-damato-nuovo-presidente-della-federazione-carta-e-grafica\\\/\",\"name\":\"I primati, l'Europa, l'agenda della filiera: Andrea D'Amato nuovo presidente della Federazione Carta e Grafica - Unione GCT\",\"isPartOf\":{\"@id\":\"https:\\\/\\\/unione.gct.mi.it\\\/it\\\/#website\"},\"primaryImageOfPage\":{\"@id\":\"https:\\\/\\\/unione.gct.mi.it\\\/it\\\/i-primati-leuropa-lagenda-della-filiera-andrea-damato-nuovo-presidente-della-federazione-carta-e-grafica\\\/#primaryimage\"},\"image\":{\"@id\":\"https:\\\/\\\/unione.gct.mi.it\\\/it\\\/i-primati-leuropa-lagenda-della-filiera-andrea-damato-nuovo-presidente-della-federazione-carta-e-grafica\\\/#primaryimage\"},\"thumbnailUrl\":\"https:\\\/\\\/unione.gct.mi.it\\\/wp-content\\\/uploads\\\/sites\\\/3\\\/2025\\\/06\\\/damatocopertina_ASS_FCG_2025.jpg\",\"datePublished\":\"2025-06-04T08:46:35+00:00\",\"dateModified\":\"2025-06-05T14:51:51+00:00\",\"breadcrumb\":{\"@id\":\"https:\\\/\\\/unione.gct.mi.it\\\/it\\\/i-primati-leuropa-lagenda-della-filiera-andrea-damato-nuovo-presidente-della-federazione-carta-e-grafica\\\/#breadcrumb\"},\"inLanguage\":\"it-IT\",\"potentialAction\":[{\"@type\":\"ReadAction\",\"target\":[\"https:\\\/\\\/unione.gct.mi.it\\\/it\\\/i-primati-leuropa-lagenda-della-filiera-andrea-damato-nuovo-presidente-della-federazione-carta-e-grafica\\\/\"]}]},{\"@type\":\"ImageObject\",\"inLanguage\":\"it-IT\",\"@id\":\"https:\\\/\\\/unione.gct.mi.it\\\/it\\\/i-primati-leuropa-lagenda-della-filiera-andrea-damato-nuovo-presidente-della-federazione-carta-e-grafica\\\/#primaryimage\",\"url\":\"https:\\\/\\\/unione.gct.mi.it\\\/wp-content\\\/uploads\\\/sites\\\/3\\\/2025\\\/06\\\/damatocopertina_ASS_FCG_2025.jpg\",\"contentUrl\":\"https:\\\/\\\/unione.gct.mi.it\\\/wp-content\\\/uploads\\\/sites\\\/3\\\/2025\\\/06\\\/damatocopertina_ASS_FCG_2025.jpg\",\"width\":2225,\"height\":1682},{\"@type\":\"BreadcrumbList\",\"@id\":\"https:\\\/\\\/unione.gct.mi.it\\\/it\\\/i-primati-leuropa-lagenda-della-filiera-andrea-damato-nuovo-presidente-della-federazione-carta-e-grafica\\\/#breadcrumb\",\"itemListElement\":[{\"@type\":\"ListItem\",\"position\":1,\"name\":\"Home\",\"item\":\"https:\\\/\\\/unione.gct.mi.it\\\/\"},{\"@type\":\"ListItem\",\"position\":2,\"name\":\"I primati, l&#8217;Europa, l&#8217;agenda della filiera: Andrea D&#8217;Amato nuovo presidente della Federazione Carta e Grafica\"}]},{\"@type\":\"WebSite\",\"@id\":\"https:\\\/\\\/unione.gct.mi.it\\\/it\\\/#website\",\"url\":\"https:\\\/\\\/unione.gct.mi.it\\\/it\\\/\",\"name\":\"Unione GCT\",\"description\":\"Unione Grafici Cartotecnici Trasformatori Carta\",\"publisher\":{\"@id\":\"https:\\\/\\\/unione.gct.mi.it\\\/it\\\/#organization\"},\"potentialAction\":[{\"@type\":\"SearchAction\",\"target\":{\"@type\":\"EntryPoint\",\"urlTemplate\":\"https:\\\/\\\/unione.gct.mi.it\\\/it\\\/?s={search_term_string}\"},\"query-input\":{\"@type\":\"PropertyValueSpecification\",\"valueRequired\":true,\"valueName\":\"search_term_string\"}}],\"inLanguage\":\"it-IT\"},{\"@type\":\"Organization\",\"@id\":\"https:\\\/\\\/unione.gct.mi.it\\\/it\\\/#organization\",\"name\":\"Unione Industriali Grafici Cartotecnici Trasformatori carta e affini della provincia di Milano\",\"url\":\"https:\\\/\\\/unione.gct.mi.it\\\/it\\\/\",\"logo\":{\"@type\":\"ImageObject\",\"inLanguage\":\"it-IT\",\"@id\":\"https:\\\/\\\/unione.gct.mi.it\\\/it\\\/#\\\/schema\\\/logo\\\/image\\\/\",\"url\":\"https:\\\/\\\/unione.gct.mi.it\\\/wp-content\\\/uploads\\\/sites\\\/3\\\/2021\\\/01\\\/logo-unione.jpg\",\"contentUrl\":\"https:\\\/\\\/unione.gct.mi.it\\\/wp-content\\\/uploads\\\/sites\\\/3\\\/2021\\\/01\\\/logo-unione.jpg\",\"width\":348,\"height\":98,\"caption\":\"Unione Industriali Grafici Cartotecnici Trasformatori carta e affini della provincia di Milano\"},\"image\":{\"@id\":\"https:\\\/\\\/unione.gct.mi.it\\\/it\\\/#\\\/schema\\\/logo\\\/image\\\/\"},\"sameAs\":[\"https:\\\/\\\/www.linkedin.com\\\/company\\\/gct-milano\"]},{\"@type\":\"Person\",\"@id\":\"https:\\\/\\\/unione.gct.mi.it\\\/it\\\/#\\\/schema\\\/person\\\/0a527942a7bba1368f20325090c35556\",\"name\":\"enricosbandi\",\"image\":{\"@type\":\"ImageObject\",\"inLanguage\":\"it-IT\",\"@id\":\"https:\\\/\\\/secure.gravatar.com\\\/avatar\\\/5fab3e07d7a1fefcc017d11e895c925f926d3a539b828129bb54949a8ac834d5?s=96&d=mm&r=g\",\"url\":\"https:\\\/\\\/secure.gravatar.com\\\/avatar\\\/5fab3e07d7a1fefcc017d11e895c925f926d3a539b828129bb54949a8ac834d5?s=96&d=mm&r=g\",\"contentUrl\":\"https:\\\/\\\/secure.gravatar.com\\\/avatar\\\/5fab3e07d7a1fefcc017d11e895c925f926d3a539b828129bb54949a8ac834d5?s=96&d=mm&r=g\",\"caption\":\"enricosbandi\"}}]}<\/script>\n<!-- \/ Yoast SEO plugin. -->","yoast_head_json":{"title":"I primati, l'Europa, l'agenda della filiera: Andrea D'Amato nuovo presidente della Federazione Carta e Grafica - Unione GCT","robots":{"index":"index","follow":"follow","max-snippet":"max-snippet:-1","max-image-preview":"max-image-preview:large","max-video-preview":"max-video-preview:-1"},"canonical":"https:\/\/unione.gct.mi.it\/it\/i-primati-leuropa-lagenda-della-filiera-andrea-damato-nuovo-presidente-della-federazione-carta-e-grafica\/","og_locale":"it_IT","og_type":"article","og_title":"I primati, l'Europa, l'agenda della filiera: Andrea D'Amato nuovo presidente della Federazione Carta e Grafica - Unione GCT","og_description":"Regolamento PPWR, energia, transizione 5.0 e decarbonizzazione, importanza della lettura su carta. Un&#8217;agenda fitta sin dal debutto, quella di Andrea D&#8217;Amato, che nell&#8217;Assemblea pubblica, tenuta il 29 maggio in FieraMilano, nell&#8217;ambito della manifestazione Print4All, ha tenuto il suo primo discorso da presidente della Federazione Carta e Grafica. \u201cL\u2019attuazione del Regolamento sugli imballaggi sar\u00e0 il banco [&hellip;]","og_url":"https:\/\/unione.gct.mi.it\/it\/i-primati-leuropa-lagenda-della-filiera-andrea-damato-nuovo-presidente-della-federazione-carta-e-grafica\/","og_site_name":"Unione GCT","article_published_time":"2025-06-04T08:46:35+00:00","article_modified_time":"2025-06-05T14:51:51+00:00","og_image":[{"width":2225,"height":1682,"url":"https:\/\/unione.gct.mi.it\/wp-content\/uploads\/sites\/3\/2025\/06\/damatocopertina_ASS_FCG_2025.jpg","type":"image\/jpeg"}],"author":"enricosbandi","twitter_card":"summary_large_image","twitter_misc":{"Scritto da":"enricosbandi","Tempo di lettura stimato":"5 minuti"},"schema":{"@context":"https:\/\/schema.org","@graph":[{"@type":"Article","@id":"https:\/\/unione.gct.mi.it\/it\/i-primati-leuropa-lagenda-della-filiera-andrea-damato-nuovo-presidente-della-federazione-carta-e-grafica\/#article","isPartOf":{"@id":"https:\/\/unione.gct.mi.it\/it\/i-primati-leuropa-lagenda-della-filiera-andrea-damato-nuovo-presidente-della-federazione-carta-e-grafica\/"},"author":{"name":"enricosbandi","@id":"https:\/\/unione.gct.mi.it\/it\/#\/schema\/person\/0a527942a7bba1368f20325090c35556"},"headline":"I primati, l&#8217;Europa, l&#8217;agenda della filiera: Andrea D&#8217;Amato nuovo presidente della Federazione Carta e Grafica","datePublished":"2025-06-04T08:46:35+00:00","dateModified":"2025-06-05T14:51:51+00:00","mainEntityOfPage":{"@id":"https:\/\/unione.gct.mi.it\/it\/i-primati-leuropa-lagenda-della-filiera-andrea-damato-nuovo-presidente-della-federazione-carta-e-grafica\/"},"wordCount":769,"publisher":{"@id":"https:\/\/unione.gct.mi.it\/it\/#organization"},"image":{"@id":"https:\/\/unione.gct.mi.it\/it\/i-primati-leuropa-lagenda-della-filiera-andrea-damato-nuovo-presidente-della-federazione-carta-e-grafica\/#primaryimage"},"thumbnailUrl":"https:\/\/unione.gct.mi.it\/wp-content\/uploads\/sites\/3\/2025\/06\/damatocopertina_ASS_FCG_2025.jpg","articleSection":["Assemblea di Federazione"],"inLanguage":"it-IT"},{"@type":"WebPage","@id":"https:\/\/unione.gct.mi.it\/it\/i-primati-leuropa-lagenda-della-filiera-andrea-damato-nuovo-presidente-della-federazione-carta-e-grafica\/","url":"https:\/\/unione.gct.mi.it\/it\/i-primati-leuropa-lagenda-della-filiera-andrea-damato-nuovo-presidente-della-federazione-carta-e-grafica\/","name":"I primati, l'Europa, l'agenda della filiera: Andrea D'Amato nuovo presidente della Federazione Carta e Grafica - Unione GCT","isPartOf":{"@id":"https:\/\/unione.gct.mi.it\/it\/#website"},"primaryImageOfPage":{"@id":"https:\/\/unione.gct.mi.it\/it\/i-primati-leuropa-lagenda-della-filiera-andrea-damato-nuovo-presidente-della-federazione-carta-e-grafica\/#primaryimage"},"image":{"@id":"https:\/\/unione.gct.mi.it\/it\/i-primati-leuropa-lagenda-della-filiera-andrea-damato-nuovo-presidente-della-federazione-carta-e-grafica\/#primaryimage"},"thumbnailUrl":"https:\/\/unione.gct.mi.it\/wp-content\/uploads\/sites\/3\/2025\/06\/damatocopertina_ASS_FCG_2025.jpg","datePublished":"2025-06-04T08:46:35+00:00","dateModified":"2025-06-05T14:51:51+00:00","breadcrumb":{"@id":"https:\/\/unione.gct.mi.it\/it\/i-primati-leuropa-lagenda-della-filiera-andrea-damato-nuovo-presidente-della-federazione-carta-e-grafica\/#breadcrumb"},"inLanguage":"it-IT","potentialAction":[{"@type":"ReadAction","target":["https:\/\/unione.gct.mi.it\/it\/i-primati-leuropa-lagenda-della-filiera-andrea-damato-nuovo-presidente-della-federazione-carta-e-grafica\/"]}]},{"@type":"ImageObject","inLanguage":"it-IT","@id":"https:\/\/unione.gct.mi.it\/it\/i-primati-leuropa-lagenda-della-filiera-andrea-damato-nuovo-presidente-della-federazione-carta-e-grafica\/#primaryimage","url":"https:\/\/unione.gct.mi.it\/wp-content\/uploads\/sites\/3\/2025\/06\/damatocopertina_ASS_FCG_2025.jpg","contentUrl":"https:\/\/unione.gct.mi.it\/wp-content\/uploads\/sites\/3\/2025\/06\/damatocopertina_ASS_FCG_2025.jpg","width":2225,"height":1682},{"@type":"BreadcrumbList","@id":"https:\/\/unione.gct.mi.it\/it\/i-primati-leuropa-lagenda-della-filiera-andrea-damato-nuovo-presidente-della-federazione-carta-e-grafica\/#breadcrumb","itemListElement":[{"@type":"ListItem","position":1,"name":"Home","item":"https:\/\/unione.gct.mi.it\/"},{"@type":"ListItem","position":2,"name":"I primati, l&#8217;Europa, l&#8217;agenda della filiera: Andrea D&#8217;Amato nuovo presidente della Federazione Carta e Grafica"}]},{"@type":"WebSite","@id":"https:\/\/unione.gct.mi.it\/it\/#website","url":"https:\/\/unione.gct.mi.it\/it\/","name":"Unione GCT","description":"Unione Grafici Cartotecnici Trasformatori Carta","publisher":{"@id":"https:\/\/unione.gct.mi.it\/it\/#organization"},"potentialAction":[{"@type":"SearchAction","target":{"@type":"EntryPoint","urlTemplate":"https:\/\/unione.gct.mi.it\/it\/?s={search_term_string}"},"query-input":{"@type":"PropertyValueSpecification","valueRequired":true,"valueName":"search_term_string"}}],"inLanguage":"it-IT"},{"@type":"Organization","@id":"https:\/\/unione.gct.mi.it\/it\/#organization","name":"Unione Industriali Grafici Cartotecnici Trasformatori carta e affini della provincia di Milano","url":"https:\/\/unione.gct.mi.it\/it\/","logo":{"@type":"ImageObject","inLanguage":"it-IT","@id":"https:\/\/unione.gct.mi.it\/it\/#\/schema\/logo\/image\/","url":"https:\/\/unione.gct.mi.it\/wp-content\/uploads\/sites\/3\/2021\/01\/logo-unione.jpg","contentUrl":"https:\/\/unione.gct.mi.it\/wp-content\/uploads\/sites\/3\/2021\/01\/logo-unione.jpg","width":348,"height":98,"caption":"Unione Industriali Grafici Cartotecnici Trasformatori carta e affini della provincia di Milano"},"image":{"@id":"https:\/\/unione.gct.mi.it\/it\/#\/schema\/logo\/image\/"},"sameAs":["https:\/\/www.linkedin.com\/company\/gct-milano"]},{"@type":"Person","@id":"https:\/\/unione.gct.mi.it\/it\/#\/schema\/person\/0a527942a7bba1368f20325090c35556","name":"enricosbandi","image":{"@type":"ImageObject","inLanguage":"it-IT","@id":"https:\/\/secure.gravatar.com\/avatar\/5fab3e07d7a1fefcc017d11e895c925f926d3a539b828129bb54949a8ac834d5?s=96&d=mm&r=g","url":"https:\/\/secure.gravatar.com\/avatar\/5fab3e07d7a1fefcc017d11e895c925f926d3a539b828129bb54949a8ac834d5?s=96&d=mm&r=g","contentUrl":"https:\/\/secure.gravatar.com\/avatar\/5fab3e07d7a1fefcc017d11e895c925f926d3a539b828129bb54949a8ac834d5?s=96&d=mm&r=g","caption":"enricosbandi"}}]}},"_links":{"self":[{"href":"https:\/\/unione.gct.mi.it\/it\/wp-json\/wp\/v2\/posts\/2618","targetHints":{"allow":["GET"]}}],"collection":[{"href":"https:\/\/unione.gct.mi.it\/it\/wp-json\/wp\/v2\/posts"}],"about":[{"href":"https:\/\/unione.gct.mi.it\/it\/wp-json\/wp\/v2\/types\/post"}],"author":[{"embeddable":true,"href":"https:\/\/unione.gct.mi.it\/it\/wp-json\/wp\/v2\/users\/10"}],"replies":[{"embeddable":true,"href":"https:\/\/unione.gct.mi.it\/it\/wp-json\/wp\/v2\/comments?post=2618"}],"version-history":[{"count":1,"href":"https:\/\/unione.gct.mi.it\/it\/wp-json\/wp\/v2\/posts\/2618\/revisions"}],"predecessor-version":[{"id":2621,"href":"https:\/\/unione.gct.mi.it\/it\/wp-json\/wp\/v2\/posts\/2618\/revisions\/2621"}],"wp:featuredmedia":[{"embeddable":true,"href":"https:\/\/unione.gct.mi.it\/it\/wp-json\/wp\/v2\/media\/2619"}],"wp:attachment":[{"href":"https:\/\/unione.gct.mi.it\/it\/wp-json\/wp\/v2\/media?parent=2618"}],"wp:term":[{"taxonomy":"category","embeddable":true,"href":"https:\/\/unione.gct.mi.it\/it\/wp-json\/wp\/v2\/categories?post=2618"},{"taxonomy":"post_tag","embeddable":true,"href":"https:\/\/unione.gct.mi.it\/it\/wp-json\/wp\/v2\/tags?post=2618"},{"taxonomy":"fonte","embeddable":true,"href":"https:\/\/unione.gct.mi.it\/it\/wp-json\/wp\/v2\/fonte?post=2618"},{"taxonomy":"posizione","embeddable":true,"href":"https:\/\/unione.gct.mi.it\/it\/wp-json\/wp\/v2\/posizione?post=2618"}],"curies":[{"name":"wp","href":"https:\/\/api.w.org\/{rel}","templated":true}]}}