{"id":2561,"date":"2025-04-29T09:30:13","date_gmt":"2025-04-29T07:30:13","guid":{"rendered":"https:\/\/federazionecartagrafica.it\/?p=6801"},"modified":"2025-04-30T12:35:05","modified_gmt":"2025-04-30T10:35:05","slug":"la-federazione-il-5-e-6-maggio-a-zoomark-a-parlare-di-packaging-il-settore-pet-vale-8-miliardi","status":"publish","type":"post","link":"https:\/\/unione.gct.mi.it\/it\/la-federazione-il-5-e-6-maggio-a-zoomark-a-parlare-di-packaging-il-settore-pet-vale-8-miliardi\/","title":{"rendered":"La Federazione il 5 e 6 maggio a Zoomark a parlare di packaging. Il settore Pet vale 8 miliardi"},"content":{"rendered":"<p class=\"p1\">La <strong>Federazione Carta e Grafica, il 5 e 6 maggio, sar\u00e0 fra i protagonisti in fiera a Bologna in Zoomark International.<\/strong> Si tratta della fiera B2B pi\u00f9 importante d\u2019Europa di quest\u2019anno per il<strong> settore degli animali da compagnia<\/strong>, un comparto che ha un giro d&#8217;affari superiore agli <strong>8 miliardi di euro l&#8217;anno nella sola Italia<\/strong> ed \u00e8 un <strong>grande utilizzatore di packaging, grafica e stampa<\/strong>.<\/p>\n<p class=\"p1\">In particolare la Federazione \u00e8 protagonista di due convegni che avranno al centro<strong> le regole, la sostenibilit\u00e0 e le funzionalit\u00e0 del packaging<\/strong>. Si terranno nell&#8217;area <strong>Factory<\/strong>, in cui Zoomark apre alle aziende della filiera, fra le quali i fornitori di stampa e di packaging. La Federazione Carta e Grafica interviene dando spunto ai temi e con i suoi esperti, che saranno a confronto degli industriali top che operano, nelle diverse specializzazioni, con e nel settore Pet.<\/p>\n<p class=\"p1\">Entrambi gli incontri fanno parte del programma ufficiale di Zoomark (<a href=\"https:\/\/www.zoomark.it\/eventi\/programma-eventi\/2837.html\" target=\"_blank\" rel=\"noopener\">disponibile qui<\/a>) e si terranno nel palco <strong>&#8220;Factory Stage&#8221; del padiglione 28 di BolognaFiere, entrambi &#8211; il 5 e il 6 maggio &#8211; dalle ore 14 alle 15<\/strong>.<\/p>\n<p class=\"p1\"><strong>Il 5 maggio, alle ore 14:00,<\/strong> nella giornata inaugurale della fiera, si terr\u00e0 l\u2019incontro <strong>&#8220;Il verde che funziona nel pet, a partire dall\u2019incarto. fantasia, funzionalit\u00e0, regole e greenwashing&#8221;<\/strong> &#8211; Le soluzioni delle aziende, le proposte di chi produce packaging, le indicazioni degli esperti in materiali e sostenibilit\u00e0 per cogliere in maniera vincente le opportunit\u00e0 della sensibilit\u00e0 sempre pi\u00f9 spiccata verso la sostenibilit\u00e0 e l\u2019economia circolare, sia dal punto di vista delle regole, sia per le attese dei consumatori.<\/p>\n<p class=\"p1\">Intervengono come speaker <strong>Elisabetta Bottazzoli,<\/strong><span class=\"Apple-converted-space\">\u00a0 <\/span>esperto sostenibilit\u00e0 Federazione Carta e Grafica, <strong>Luciano Fassa<\/strong>, Direttore Generale di <strong>Monge <\/strong>(big player italiano del petfood),<span class=\"Apple-converted-space\">\u00a0 <\/span><strong>Massimo Medugno, DG di Assocarta<\/strong> e <strong>Alessandro Selmin<\/strong>, DG del <strong>Sacchettificio Corazza<\/strong> (che quest&#8217;anno festeggia il centenario e ha una consolidata esperienza come fornitore del settore Pet).<\/p>\n<p class=\"p1\"><strong>Il secondo incontro \u00e8 in programma marted\u00ec 6 maggio, alle 14 sul tema &#8220;Pet packaging sempre pi\u00f9 comodo, informativo e funzionale. come sfruttare le nuove regole come vantaggio competitivo&#8221;<\/strong> &#8211; Il packaging protegge, informa, invoglia: \u00e8 uno straordinario strumento di marketing che deve rispondere a normative sempre pi\u00f9 vincolanti quanto a scelta dei materiali ed eliminazione del superfluo. La visione dei produttori a confronto con l\u2019expertise di chi ha il polso delle normative.<\/p>\n<p class=\"p1\">Speakers <strong>Vincenzo Adragna<\/strong>, CEO di <strong>Adragna Petfood<\/strong>, <strong>Andrea Mosca<\/strong>, European Business developer manager<strong> Tyler Packaging LTD<\/strong>, <strong>Lorenzo Nannariello<\/strong>, Sustainability manager <strong>Tetra Pak<\/strong> e, quale esperto, il <strong>Vice DG Assografici Italo Vailati<\/strong>.<\/p>\n<p class=\"p1\">Per entrambi gli incontri, moderati dal giornalista<strong> Enrico Sbandi<\/strong>, \u00e8 prevista la traduzione simultanea in lingua inglese.<\/p>\n<p class=\"p1\"><strong>Zoomark International<\/strong> \u00e8 la fiera biennale riservata agli operatori, evento di riferimento del settore degli animali da compagnia negli anni dispari in Europa, che<strong> in questa XXI edizione riunisce 1300 espositori, di 57 Paesi<\/strong>. L&#8217;edizione del 2023 \u00e8 stata visitata da <strong>28mila operatori professionali, il 62% dei quali provenienti dall&#8217;estero<\/strong>.<\/p>\n","protected":false},"excerpt":{"rendered":"<p>La Federazione Carta e Grafica, il 5 e 6 maggio, sar\u00e0 fra i protagonisti in fiera a Bologna in Zoomark International. Si tratta della fiera B2B pi\u00f9 importante d\u2019Europa di quest\u2019anno per il settore degli animali da compagnia, un comparto che ha un giro d&#8217;affari superiore agli 8 miliardi di euro l&#8217;anno nella sola Italia [&hellip;]<\/p>\n","protected":false},"author":10,"featured_media":2562,"comment_status":"closed","ping_status":"closed","sticky":false,"template":"","format":"standard","meta":{"_acf_changed":false,"_et_pb_use_builder":"","_et_pb_old_content":"","_et_gb_content_width":"","inline_featured_image":false,"footnotes":""},"categories":[14],"tags":[182],"fonte":[91],"posizione":[65],"class_list":["post-2561","post","type-post","status-publish","format-standard","has-post-thumbnail","hentry","category-packaging","tag-zoomark","fonte-federazione-carta-e-grafica-2","posizione-news-di-sistema"],"acf":[],"yoast_head":"<!-- This site is optimized with the Yoast SEO plugin v27.5 - https:\/\/yoast.com\/product\/yoast-seo-wordpress\/ -->\n<title>La Federazione il 5 e 6 maggio a Zoomark a parlare di packaging. Il settore Pet vale 8 miliardi - Unione GCT<\/title>\n<meta name=\"robots\" content=\"index, follow, max-snippet:-1, max-image-preview:large, max-video-preview:-1\" \/>\n<link rel=\"canonical\" href=\"https:\/\/unione.gct.mi.it\/it\/la-federazione-il-5-e-6-maggio-a-zoomark-a-parlare-di-packaging-il-settore-pet-vale-8-miliardi\/\" \/>\n<meta property=\"og:locale\" content=\"it_IT\" \/>\n<meta property=\"og:type\" content=\"article\" \/>\n<meta property=\"og:title\" content=\"La Federazione il 5 e 6 maggio a Zoomark a parlare di packaging. Il settore Pet vale 8 miliardi - Unione GCT\" \/>\n<meta property=\"og:description\" content=\"La Federazione Carta e Grafica, il 5 e 6 maggio, sar\u00e0 fra i protagonisti in fiera a Bologna in Zoomark International. Si tratta della fiera B2B pi\u00f9 importante d\u2019Europa di quest\u2019anno per il settore degli animali da compagnia, un comparto che ha un giro d&#8217;affari superiore agli 8 miliardi di euro l&#8217;anno nella sola Italia [&hellip;]\" \/>\n<meta property=\"og:url\" content=\"https:\/\/unione.gct.mi.it\/it\/la-federazione-il-5-e-6-maggio-a-zoomark-a-parlare-di-packaging-il-settore-pet-vale-8-miliardi\/\" \/>\n<meta property=\"og:site_name\" content=\"Unione GCT\" \/>\n<meta property=\"article:published_time\" content=\"2025-04-29T07:30:13+00:00\" \/>\n<meta property=\"article:modified_time\" content=\"2025-04-30T10:35:05+00:00\" \/>\n<meta property=\"og:image\" content=\"https:\/\/unione.gct.mi.it\/wp-content\/uploads\/sites\/3\/2025\/04\/FCG_Zoomark2025.jpg\" \/>\n\t<meta property=\"og:image:width\" content=\"1116\" \/>\n\t<meta property=\"og:image:height\" content=\"737\" \/>\n\t<meta property=\"og:image:type\" content=\"image\/jpeg\" \/>\n<meta name=\"author\" content=\"enricosbandi\" \/>\n<meta name=\"twitter:card\" content=\"summary_large_image\" \/>\n<meta name=\"twitter:label1\" content=\"Scritto da\" \/>\n\t<meta name=\"twitter:data1\" content=\"enricosbandi\" \/>\n\t<meta name=\"twitter:label2\" content=\"Tempo di lettura stimato\" \/>\n\t<meta name=\"twitter:data2\" content=\"3 minuti\" \/>\n<script type=\"application\/ld+json\" class=\"yoast-schema-graph\">{\"@context\":\"https:\\\/\\\/schema.org\",\"@graph\":[{\"@type\":\"Article\",\"@id\":\"https:\\\/\\\/unione.gct.mi.it\\\/it\\\/la-federazione-il-5-e-6-maggio-a-zoomark-a-parlare-di-packaging-il-settore-pet-vale-8-miliardi\\\/#article\",\"isPartOf\":{\"@id\":\"https:\\\/\\\/unione.gct.mi.it\\\/it\\\/la-federazione-il-5-e-6-maggio-a-zoomark-a-parlare-di-packaging-il-settore-pet-vale-8-miliardi\\\/\"},\"author\":{\"name\":\"enricosbandi\",\"@id\":\"https:\\\/\\\/unione.gct.mi.it\\\/it\\\/#\\\/schema\\\/person\\\/0a527942a7bba1368f20325090c35556\"},\"headline\":\"La Federazione il 5 e 6 maggio a Zoomark a parlare di packaging. Il settore Pet vale 8 miliardi\",\"datePublished\":\"2025-04-29T07:30:13+00:00\",\"dateModified\":\"2025-04-30T10:35:05+00:00\",\"mainEntityOfPage\":{\"@id\":\"https:\\\/\\\/unione.gct.mi.it\\\/it\\\/la-federazione-il-5-e-6-maggio-a-zoomark-a-parlare-di-packaging-il-settore-pet-vale-8-miliardi\\\/\"},\"wordCount\":483,\"publisher\":{\"@id\":\"https:\\\/\\\/unione.gct.mi.it\\\/it\\\/#organization\"},\"image\":{\"@id\":\"https:\\\/\\\/unione.gct.mi.it\\\/it\\\/la-federazione-il-5-e-6-maggio-a-zoomark-a-parlare-di-packaging-il-settore-pet-vale-8-miliardi\\\/#primaryimage\"},\"thumbnailUrl\":\"https:\\\/\\\/unione.gct.mi.it\\\/wp-content\\\/uploads\\\/sites\\\/3\\\/2025\\\/04\\\/FCG_Zoomark2025.jpg\",\"keywords\":[\"#Zoomark\"],\"articleSection\":[\"Packaging\"],\"inLanguage\":\"it-IT\"},{\"@type\":\"WebPage\",\"@id\":\"https:\\\/\\\/unione.gct.mi.it\\\/it\\\/la-federazione-il-5-e-6-maggio-a-zoomark-a-parlare-di-packaging-il-settore-pet-vale-8-miliardi\\\/\",\"url\":\"https:\\\/\\\/unione.gct.mi.it\\\/it\\\/la-federazione-il-5-e-6-maggio-a-zoomark-a-parlare-di-packaging-il-settore-pet-vale-8-miliardi\\\/\",\"name\":\"La Federazione il 5 e 6 maggio a Zoomark a parlare di packaging. Il settore Pet vale 8 miliardi - Unione GCT\",\"isPartOf\":{\"@id\":\"https:\\\/\\\/unione.gct.mi.it\\\/it\\\/#website\"},\"primaryImageOfPage\":{\"@id\":\"https:\\\/\\\/unione.gct.mi.it\\\/it\\\/la-federazione-il-5-e-6-maggio-a-zoomark-a-parlare-di-packaging-il-settore-pet-vale-8-miliardi\\\/#primaryimage\"},\"image\":{\"@id\":\"https:\\\/\\\/unione.gct.mi.it\\\/it\\\/la-federazione-il-5-e-6-maggio-a-zoomark-a-parlare-di-packaging-il-settore-pet-vale-8-miliardi\\\/#primaryimage\"},\"thumbnailUrl\":\"https:\\\/\\\/unione.gct.mi.it\\\/wp-content\\\/uploads\\\/sites\\\/3\\\/2025\\\/04\\\/FCG_Zoomark2025.jpg\",\"datePublished\":\"2025-04-29T07:30:13+00:00\",\"dateModified\":\"2025-04-30T10:35:05+00:00\",\"breadcrumb\":{\"@id\":\"https:\\\/\\\/unione.gct.mi.it\\\/it\\\/la-federazione-il-5-e-6-maggio-a-zoomark-a-parlare-di-packaging-il-settore-pet-vale-8-miliardi\\\/#breadcrumb\"},\"inLanguage\":\"it-IT\",\"potentialAction\":[{\"@type\":\"ReadAction\",\"target\":[\"https:\\\/\\\/unione.gct.mi.it\\\/it\\\/la-federazione-il-5-e-6-maggio-a-zoomark-a-parlare-di-packaging-il-settore-pet-vale-8-miliardi\\\/\"]}]},{\"@type\":\"ImageObject\",\"inLanguage\":\"it-IT\",\"@id\":\"https:\\\/\\\/unione.gct.mi.it\\\/it\\\/la-federazione-il-5-e-6-maggio-a-zoomark-a-parlare-di-packaging-il-settore-pet-vale-8-miliardi\\\/#primaryimage\",\"url\":\"https:\\\/\\\/unione.gct.mi.it\\\/wp-content\\\/uploads\\\/sites\\\/3\\\/2025\\\/04\\\/FCG_Zoomark2025.jpg\",\"contentUrl\":\"https:\\\/\\\/unione.gct.mi.it\\\/wp-content\\\/uploads\\\/sites\\\/3\\\/2025\\\/04\\\/FCG_Zoomark2025.jpg\",\"width\":1116,\"height\":737},{\"@type\":\"BreadcrumbList\",\"@id\":\"https:\\\/\\\/unione.gct.mi.it\\\/it\\\/la-federazione-il-5-e-6-maggio-a-zoomark-a-parlare-di-packaging-il-settore-pet-vale-8-miliardi\\\/#breadcrumb\",\"itemListElement\":[{\"@type\":\"ListItem\",\"position\":1,\"name\":\"Home\",\"item\":\"https:\\\/\\\/unione.gct.mi.it\\\/\"},{\"@type\":\"ListItem\",\"position\":2,\"name\":\"La Federazione il 5 e 6 maggio a Zoomark a parlare di packaging. Il settore Pet vale 8 miliardi\"}]},{\"@type\":\"WebSite\",\"@id\":\"https:\\\/\\\/unione.gct.mi.it\\\/it\\\/#website\",\"url\":\"https:\\\/\\\/unione.gct.mi.it\\\/it\\\/\",\"name\":\"Unione GCT\",\"description\":\"Unione Grafici Cartotecnici Trasformatori Carta\",\"publisher\":{\"@id\":\"https:\\\/\\\/unione.gct.mi.it\\\/it\\\/#organization\"},\"potentialAction\":[{\"@type\":\"SearchAction\",\"target\":{\"@type\":\"EntryPoint\",\"urlTemplate\":\"https:\\\/\\\/unione.gct.mi.it\\\/it\\\/?s={search_term_string}\"},\"query-input\":{\"@type\":\"PropertyValueSpecification\",\"valueRequired\":true,\"valueName\":\"search_term_string\"}}],\"inLanguage\":\"it-IT\"},{\"@type\":\"Organization\",\"@id\":\"https:\\\/\\\/unione.gct.mi.it\\\/it\\\/#organization\",\"name\":\"Unione Industriali Grafici Cartotecnici Trasformatori carta e affini della provincia di Milano\",\"url\":\"https:\\\/\\\/unione.gct.mi.it\\\/it\\\/\",\"logo\":{\"@type\":\"ImageObject\",\"inLanguage\":\"it-IT\",\"@id\":\"https:\\\/\\\/unione.gct.mi.it\\\/it\\\/#\\\/schema\\\/logo\\\/image\\\/\",\"url\":\"https:\\\/\\\/unione.gct.mi.it\\\/wp-content\\\/uploads\\\/sites\\\/3\\\/2021\\\/01\\\/logo-unione.jpg\",\"contentUrl\":\"https:\\\/\\\/unione.gct.mi.it\\\/wp-content\\\/uploads\\\/sites\\\/3\\\/2021\\\/01\\\/logo-unione.jpg\",\"width\":348,\"height\":98,\"caption\":\"Unione Industriali Grafici Cartotecnici Trasformatori carta e affini della provincia di Milano\"},\"image\":{\"@id\":\"https:\\\/\\\/unione.gct.mi.it\\\/it\\\/#\\\/schema\\\/logo\\\/image\\\/\"},\"sameAs\":[\"https:\\\/\\\/www.linkedin.com\\\/company\\\/gct-milano\"]},{\"@type\":\"Person\",\"@id\":\"https:\\\/\\\/unione.gct.mi.it\\\/it\\\/#\\\/schema\\\/person\\\/0a527942a7bba1368f20325090c35556\",\"name\":\"enricosbandi\",\"image\":{\"@type\":\"ImageObject\",\"inLanguage\":\"it-IT\",\"@id\":\"https:\\\/\\\/secure.gravatar.com\\\/avatar\\\/5fab3e07d7a1fefcc017d11e895c925f926d3a539b828129bb54949a8ac834d5?s=96&d=mm&r=g\",\"url\":\"https:\\\/\\\/secure.gravatar.com\\\/avatar\\\/5fab3e07d7a1fefcc017d11e895c925f926d3a539b828129bb54949a8ac834d5?s=96&d=mm&r=g\",\"contentUrl\":\"https:\\\/\\\/secure.gravatar.com\\\/avatar\\\/5fab3e07d7a1fefcc017d11e895c925f926d3a539b828129bb54949a8ac834d5?s=96&d=mm&r=g\",\"caption\":\"enricosbandi\"}}]}<\/script>\n<!-- \/ Yoast SEO plugin. -->","yoast_head_json":{"title":"La Federazione il 5 e 6 maggio a Zoomark a parlare di packaging. Il settore Pet vale 8 miliardi - Unione GCT","robots":{"index":"index","follow":"follow","max-snippet":"max-snippet:-1","max-image-preview":"max-image-preview:large","max-video-preview":"max-video-preview:-1"},"canonical":"https:\/\/unione.gct.mi.it\/it\/la-federazione-il-5-e-6-maggio-a-zoomark-a-parlare-di-packaging-il-settore-pet-vale-8-miliardi\/","og_locale":"it_IT","og_type":"article","og_title":"La Federazione il 5 e 6 maggio a Zoomark a parlare di packaging. Il settore Pet vale 8 miliardi - Unione GCT","og_description":"La Federazione Carta e Grafica, il 5 e 6 maggio, sar\u00e0 fra i protagonisti in fiera a Bologna in Zoomark International. Si tratta della fiera B2B pi\u00f9 importante d\u2019Europa di quest\u2019anno per il settore degli animali da compagnia, un comparto che ha un giro d&#8217;affari superiore agli 8 miliardi di euro l&#8217;anno nella sola Italia [&hellip;]","og_url":"https:\/\/unione.gct.mi.it\/it\/la-federazione-il-5-e-6-maggio-a-zoomark-a-parlare-di-packaging-il-settore-pet-vale-8-miliardi\/","og_site_name":"Unione GCT","article_published_time":"2025-04-29T07:30:13+00:00","article_modified_time":"2025-04-30T10:35:05+00:00","og_image":[{"width":1116,"height":737,"url":"https:\/\/unione.gct.mi.it\/wp-content\/uploads\/sites\/3\/2025\/04\/FCG_Zoomark2025.jpg","type":"image\/jpeg"}],"author":"enricosbandi","twitter_card":"summary_large_image","twitter_misc":{"Scritto da":"enricosbandi","Tempo di lettura stimato":"3 minuti"},"schema":{"@context":"https:\/\/schema.org","@graph":[{"@type":"Article","@id":"https:\/\/unione.gct.mi.it\/it\/la-federazione-il-5-e-6-maggio-a-zoomark-a-parlare-di-packaging-il-settore-pet-vale-8-miliardi\/#article","isPartOf":{"@id":"https:\/\/unione.gct.mi.it\/it\/la-federazione-il-5-e-6-maggio-a-zoomark-a-parlare-di-packaging-il-settore-pet-vale-8-miliardi\/"},"author":{"name":"enricosbandi","@id":"https:\/\/unione.gct.mi.it\/it\/#\/schema\/person\/0a527942a7bba1368f20325090c35556"},"headline":"La Federazione il 5 e 6 maggio a Zoomark a parlare di packaging. Il settore Pet vale 8 miliardi","datePublished":"2025-04-29T07:30:13+00:00","dateModified":"2025-04-30T10:35:05+00:00","mainEntityOfPage":{"@id":"https:\/\/unione.gct.mi.it\/it\/la-federazione-il-5-e-6-maggio-a-zoomark-a-parlare-di-packaging-il-settore-pet-vale-8-miliardi\/"},"wordCount":483,"publisher":{"@id":"https:\/\/unione.gct.mi.it\/it\/#organization"},"image":{"@id":"https:\/\/unione.gct.mi.it\/it\/la-federazione-il-5-e-6-maggio-a-zoomark-a-parlare-di-packaging-il-settore-pet-vale-8-miliardi\/#primaryimage"},"thumbnailUrl":"https:\/\/unione.gct.mi.it\/wp-content\/uploads\/sites\/3\/2025\/04\/FCG_Zoomark2025.jpg","keywords":["#Zoomark"],"articleSection":["Packaging"],"inLanguage":"it-IT"},{"@type":"WebPage","@id":"https:\/\/unione.gct.mi.it\/it\/la-federazione-il-5-e-6-maggio-a-zoomark-a-parlare-di-packaging-il-settore-pet-vale-8-miliardi\/","url":"https:\/\/unione.gct.mi.it\/it\/la-federazione-il-5-e-6-maggio-a-zoomark-a-parlare-di-packaging-il-settore-pet-vale-8-miliardi\/","name":"La Federazione il 5 e 6 maggio a Zoomark a parlare di packaging. Il settore Pet vale 8 miliardi - Unione GCT","isPartOf":{"@id":"https:\/\/unione.gct.mi.it\/it\/#website"},"primaryImageOfPage":{"@id":"https:\/\/unione.gct.mi.it\/it\/la-federazione-il-5-e-6-maggio-a-zoomark-a-parlare-di-packaging-il-settore-pet-vale-8-miliardi\/#primaryimage"},"image":{"@id":"https:\/\/unione.gct.mi.it\/it\/la-federazione-il-5-e-6-maggio-a-zoomark-a-parlare-di-packaging-il-settore-pet-vale-8-miliardi\/#primaryimage"},"thumbnailUrl":"https:\/\/unione.gct.mi.it\/wp-content\/uploads\/sites\/3\/2025\/04\/FCG_Zoomark2025.jpg","datePublished":"2025-04-29T07:30:13+00:00","dateModified":"2025-04-30T10:35:05+00:00","breadcrumb":{"@id":"https:\/\/unione.gct.mi.it\/it\/la-federazione-il-5-e-6-maggio-a-zoomark-a-parlare-di-packaging-il-settore-pet-vale-8-miliardi\/#breadcrumb"},"inLanguage":"it-IT","potentialAction":[{"@type":"ReadAction","target":["https:\/\/unione.gct.mi.it\/it\/la-federazione-il-5-e-6-maggio-a-zoomark-a-parlare-di-packaging-il-settore-pet-vale-8-miliardi\/"]}]},{"@type":"ImageObject","inLanguage":"it-IT","@id":"https:\/\/unione.gct.mi.it\/it\/la-federazione-il-5-e-6-maggio-a-zoomark-a-parlare-di-packaging-il-settore-pet-vale-8-miliardi\/#primaryimage","url":"https:\/\/unione.gct.mi.it\/wp-content\/uploads\/sites\/3\/2025\/04\/FCG_Zoomark2025.jpg","contentUrl":"https:\/\/unione.gct.mi.it\/wp-content\/uploads\/sites\/3\/2025\/04\/FCG_Zoomark2025.jpg","width":1116,"height":737},{"@type":"BreadcrumbList","@id":"https:\/\/unione.gct.mi.it\/it\/la-federazione-il-5-e-6-maggio-a-zoomark-a-parlare-di-packaging-il-settore-pet-vale-8-miliardi\/#breadcrumb","itemListElement":[{"@type":"ListItem","position":1,"name":"Home","item":"https:\/\/unione.gct.mi.it\/"},{"@type":"ListItem","position":2,"name":"La Federazione il 5 e 6 maggio a Zoomark a parlare di packaging. Il settore Pet vale 8 miliardi"}]},{"@type":"WebSite","@id":"https:\/\/unione.gct.mi.it\/it\/#website","url":"https:\/\/unione.gct.mi.it\/it\/","name":"Unione GCT","description":"Unione Grafici Cartotecnici Trasformatori Carta","publisher":{"@id":"https:\/\/unione.gct.mi.it\/it\/#organization"},"potentialAction":[{"@type":"SearchAction","target":{"@type":"EntryPoint","urlTemplate":"https:\/\/unione.gct.mi.it\/it\/?s={search_term_string}"},"query-input":{"@type":"PropertyValueSpecification","valueRequired":true,"valueName":"search_term_string"}}],"inLanguage":"it-IT"},{"@type":"Organization","@id":"https:\/\/unione.gct.mi.it\/it\/#organization","name":"Unione Industriali Grafici Cartotecnici Trasformatori carta e affini della provincia di Milano","url":"https:\/\/unione.gct.mi.it\/it\/","logo":{"@type":"ImageObject","inLanguage":"it-IT","@id":"https:\/\/unione.gct.mi.it\/it\/#\/schema\/logo\/image\/","url":"https:\/\/unione.gct.mi.it\/wp-content\/uploads\/sites\/3\/2021\/01\/logo-unione.jpg","contentUrl":"https:\/\/unione.gct.mi.it\/wp-content\/uploads\/sites\/3\/2021\/01\/logo-unione.jpg","width":348,"height":98,"caption":"Unione Industriali Grafici Cartotecnici Trasformatori carta e affini della provincia di Milano"},"image":{"@id":"https:\/\/unione.gct.mi.it\/it\/#\/schema\/logo\/image\/"},"sameAs":["https:\/\/www.linkedin.com\/company\/gct-milano"]},{"@type":"Person","@id":"https:\/\/unione.gct.mi.it\/it\/#\/schema\/person\/0a527942a7bba1368f20325090c35556","name":"enricosbandi","image":{"@type":"ImageObject","inLanguage":"it-IT","@id":"https:\/\/secure.gravatar.com\/avatar\/5fab3e07d7a1fefcc017d11e895c925f926d3a539b828129bb54949a8ac834d5?s=96&d=mm&r=g","url":"https:\/\/secure.gravatar.com\/avatar\/5fab3e07d7a1fefcc017d11e895c925f926d3a539b828129bb54949a8ac834d5?s=96&d=mm&r=g","contentUrl":"https:\/\/secure.gravatar.com\/avatar\/5fab3e07d7a1fefcc017d11e895c925f926d3a539b828129bb54949a8ac834d5?s=96&d=mm&r=g","caption":"enricosbandi"}}]}},"_links":{"self":[{"href":"https:\/\/unione.gct.mi.it\/it\/wp-json\/wp\/v2\/posts\/2561","targetHints":{"allow":["GET"]}}],"collection":[{"href":"https:\/\/unione.gct.mi.it\/it\/wp-json\/wp\/v2\/posts"}],"about":[{"href":"https:\/\/unione.gct.mi.it\/it\/wp-json\/wp\/v2\/types\/post"}],"author":[{"embeddable":true,"href":"https:\/\/unione.gct.mi.it\/it\/wp-json\/wp\/v2\/users\/10"}],"replies":[{"embeddable":true,"href":"https:\/\/unione.gct.mi.it\/it\/wp-json\/wp\/v2\/comments?post=2561"}],"version-history":[{"count":1,"href":"https:\/\/unione.gct.mi.it\/it\/wp-json\/wp\/v2\/posts\/2561\/revisions"}],"predecessor-version":[{"id":2565,"href":"https:\/\/unione.gct.mi.it\/it\/wp-json\/wp\/v2\/posts\/2561\/revisions\/2565"}],"wp:featuredmedia":[{"embeddable":true,"href":"https:\/\/unione.gct.mi.it\/it\/wp-json\/wp\/v2\/media\/2562"}],"wp:attachment":[{"href":"https:\/\/unione.gct.mi.it\/it\/wp-json\/wp\/v2\/media?parent=2561"}],"wp:term":[{"taxonomy":"category","embeddable":true,"href":"https:\/\/unione.gct.mi.it\/it\/wp-json\/wp\/v2\/categories?post=2561"},{"taxonomy":"post_tag","embeddable":true,"href":"https:\/\/unione.gct.mi.it\/it\/wp-json\/wp\/v2\/tags?post=2561"},{"taxonomy":"fonte","embeddable":true,"href":"https:\/\/unione.gct.mi.it\/it\/wp-json\/wp\/v2\/fonte?post=2561"},{"taxonomy":"posizione","embeddable":true,"href":"https:\/\/unione.gct.mi.it\/it\/wp-json\/wp\/v2\/posizione?post=2561"}],"curies":[{"name":"wp","href":"https:\/\/api.w.org\/{rel}","templated":true}]}}