{"id":2508,"date":"2025-02-25T16:26:46","date_gmt":"2025-02-25T15:26:46","guid":{"rendered":"https:\/\/assografici.it\/?p=8190"},"modified":"2025-02-26T17:38:34","modified_gmt":"2025-02-26T16:38:34","slug":"carlo-montedoro-designato-per-la-presidenza-di-assografici-per-il-quadriennio-2025-2029","status":"publish","type":"post","link":"https:\/\/unione.gct.mi.it\/it\/carlo-montedoro-designato-per-la-presidenza-di-assografici-per-il-quadriennio-2025-2029\/","title":{"rendered":"Carlo Montedoro designato per la presidenza di Assografici per il quadriennio 2025-2029"},"content":{"rendered":"<p>Carlo Montedoro sar\u00e0 il presidente di Assografici per il quadriennio 2025-2029, succedendo cos\u00ec all&#8217;attuale Presidente Emilio Albertini in scadenza di mandato. Il Consiglio Generale, riunito il 25 febbraio, ha accolto e approvato l&#8217;indicazione formulata dalla commissione di designazione (formata da Floriano Botta, Elisabetta Brambilla e Giorgio Zangarelli).<\/p>\n<p>Montedoro, ingegnere civile, ha abbracciato il mondo della stampa, a partire dal 1992, con l&#8217;azienda di famiglia Tilligraf, evoluta in Arti Grafiche Tilligraf Spa, dando quindi origina insieme con Art Color Offset all&#8217;attuale TMB Stampa, di cui \u00e8 socio direttore tecnico. Nell&#8217;ambito associativo, arriva al vertice di Assografici avendo ricoperto l&#8217;incarico di vicepresidente, dal 2019, con delega al Territorio e allo Sviluppo Associativo ed \u00e8 in carica come presidente della sezione Lazio di ENIP-GCT.<\/p>\n<p>&#8220;<em>Sono consapevole della grande responsabilit\u00e0 che questo incarico mi conferisce &#8211; <\/em>afferma Carlo Montedoro -, <em>rappresentare tutti gli imprenditori del nostro settore \u00e8 un privilegio che mi onora. Tramite la ben calibrata struttura che il presidente Emilio Albertini mi lascia in eredit\u00e0 continuer\u00f2 con entusiasmo il suo percorso<\/em>&#8220;.<\/p>\n<p>Montedoro presenter\u00e0 il suo programma, insieme alla proposta con la composizione della squadra dei Vicepresidenti che lo affiancheranno nel suo mandato, nel corso del Consiglio Generale di maggio, per poi essere eletto presidente dall&#8217;assemblea di Assografici, che avr\u00e0 luogo a fine maggio durante la Fiera Print4All.<\/p>\n","protected":false},"excerpt":{"rendered":"<p>Carlo Montedoro sar\u00e0 il presidente di Assografici per il quadriennio 2025-2029, succedendo cos\u00ec all&#8217;attuale Presidente Emilio Albertini in scadenza di mandato. Il Consiglio Generale, riunito il 25 febbraio, ha accolto e approvato l&#8217;indicazione formulata dalla commissione di designazione (formata da Floriano Botta, Elisabetta Brambilla e Giorgio Zangarelli). Montedoro, ingegnere civile, ha abbracciato il mondo della [&hellip;]<\/p>\n","protected":false},"author":8,"featured_media":2509,"comment_status":"closed","ping_status":"closed","sticky":false,"template":"","format":"standard","meta":{"_acf_changed":false,"_et_pb_use_builder":"","_et_pb_old_content":"","_et_gb_content_width":"","inline_featured_image":false,"footnotes":""},"categories":[69],"tags":[],"fonte":[93],"posizione":[64],"class_list":["post-2508","post","type-post","status-publish","format-standard","has-post-thumbnail","hentry","category-governance","fonte-assografici","posizione-news-di-unione"],"acf":[],"yoast_head":"<!-- This site is optimized with the Yoast SEO plugin v27.5 - https:\/\/yoast.com\/product\/yoast-seo-wordpress\/ -->\n<title>Carlo Montedoro designato per la presidenza di Assografici per il quadriennio 2025-2029 - Unione GCT<\/title>\n<meta name=\"robots\" content=\"index, follow, max-snippet:-1, max-image-preview:large, max-video-preview:-1\" \/>\n<link rel=\"canonical\" href=\"https:\/\/unione.gct.mi.it\/it\/carlo-montedoro-designato-per-la-presidenza-di-assografici-per-il-quadriennio-2025-2029\/\" \/>\n<meta property=\"og:locale\" content=\"it_IT\" \/>\n<meta property=\"og:type\" content=\"article\" \/>\n<meta property=\"og:title\" content=\"Carlo Montedoro designato per la presidenza di Assografici per il quadriennio 2025-2029 - Unione GCT\" \/>\n<meta property=\"og:description\" content=\"Carlo Montedoro sar\u00e0 il presidente di Assografici per il quadriennio 2025-2029, succedendo cos\u00ec all&#8217;attuale Presidente Emilio Albertini in scadenza di mandato. Il Consiglio Generale, riunito il 25 febbraio, ha accolto e approvato l&#8217;indicazione formulata dalla commissione di designazione (formata da Floriano Botta, Elisabetta Brambilla e Giorgio Zangarelli). Montedoro, ingegnere civile, ha abbracciato il mondo della [&hellip;]\" \/>\n<meta property=\"og:url\" content=\"https:\/\/unione.gct.mi.it\/it\/carlo-montedoro-designato-per-la-presidenza-di-assografici-per-il-quadriennio-2025-2029\/\" \/>\n<meta property=\"og:site_name\" content=\"Unione GCT\" \/>\n<meta property=\"article:published_time\" content=\"2025-02-25T15:26:46+00:00\" \/>\n<meta property=\"article:modified_time\" content=\"2025-02-26T16:38:34+00:00\" \/>\n<meta property=\"og:image\" content=\"https:\/\/unione.gct.mi.it\/wp-content\/uploads\/sites\/3\/2025\/02\/Montedorook.jpg\" \/>\n\t<meta property=\"og:image:width\" content=\"997\" \/>\n\t<meta property=\"og:image:height\" content=\"750\" \/>\n\t<meta property=\"og:image:type\" content=\"image\/jpeg\" \/>\n<meta name=\"author\" content=\"ruggero\" \/>\n<meta name=\"twitter:card\" content=\"summary_large_image\" \/>\n<meta name=\"twitter:label1\" content=\"Scritto da\" \/>\n\t<meta name=\"twitter:data1\" content=\"ruggero\" \/>\n\t<meta name=\"twitter:label2\" content=\"Tempo di lettura stimato\" \/>\n\t<meta name=\"twitter:data2\" content=\"2 minuti\" \/>\n<script type=\"application\/ld+json\" class=\"yoast-schema-graph\">{\"@context\":\"https:\\\/\\\/schema.org\",\"@graph\":[{\"@type\":\"Article\",\"@id\":\"https:\\\/\\\/unione.gct.mi.it\\\/it\\\/carlo-montedoro-designato-per-la-presidenza-di-assografici-per-il-quadriennio-2025-2029\\\/#article\",\"isPartOf\":{\"@id\":\"https:\\\/\\\/unione.gct.mi.it\\\/it\\\/carlo-montedoro-designato-per-la-presidenza-di-assografici-per-il-quadriennio-2025-2029\\\/\"},\"author\":{\"name\":\"ruggero\",\"@id\":\"https:\\\/\\\/unione.gct.mi.it\\\/it\\\/#\\\/schema\\\/person\\\/d9e69f409f0f83e24b4b3e2d331a3589\"},\"headline\":\"Carlo Montedoro designato per la presidenza di Assografici per il quadriennio 2025-2029\",\"datePublished\":\"2025-02-25T15:26:46+00:00\",\"dateModified\":\"2025-02-26T16:38:34+00:00\",\"mainEntityOfPage\":{\"@id\":\"https:\\\/\\\/unione.gct.mi.it\\\/it\\\/carlo-montedoro-designato-per-la-presidenza-di-assografici-per-il-quadriennio-2025-2029\\\/\"},\"wordCount\":229,\"publisher\":{\"@id\":\"https:\\\/\\\/unione.gct.mi.it\\\/it\\\/#organization\"},\"image\":{\"@id\":\"https:\\\/\\\/unione.gct.mi.it\\\/it\\\/carlo-montedoro-designato-per-la-presidenza-di-assografici-per-il-quadriennio-2025-2029\\\/#primaryimage\"},\"thumbnailUrl\":\"https:\\\/\\\/unione.gct.mi.it\\\/wp-content\\\/uploads\\\/sites\\\/3\\\/2025\\\/02\\\/Montedorook.jpg\",\"articleSection\":[\"Governance\"],\"inLanguage\":\"it-IT\"},{\"@type\":\"WebPage\",\"@id\":\"https:\\\/\\\/unione.gct.mi.it\\\/it\\\/carlo-montedoro-designato-per-la-presidenza-di-assografici-per-il-quadriennio-2025-2029\\\/\",\"url\":\"https:\\\/\\\/unione.gct.mi.it\\\/it\\\/carlo-montedoro-designato-per-la-presidenza-di-assografici-per-il-quadriennio-2025-2029\\\/\",\"name\":\"Carlo Montedoro designato per la presidenza di Assografici per il quadriennio 2025-2029 - Unione GCT\",\"isPartOf\":{\"@id\":\"https:\\\/\\\/unione.gct.mi.it\\\/it\\\/#website\"},\"primaryImageOfPage\":{\"@id\":\"https:\\\/\\\/unione.gct.mi.it\\\/it\\\/carlo-montedoro-designato-per-la-presidenza-di-assografici-per-il-quadriennio-2025-2029\\\/#primaryimage\"},\"image\":{\"@id\":\"https:\\\/\\\/unione.gct.mi.it\\\/it\\\/carlo-montedoro-designato-per-la-presidenza-di-assografici-per-il-quadriennio-2025-2029\\\/#primaryimage\"},\"thumbnailUrl\":\"https:\\\/\\\/unione.gct.mi.it\\\/wp-content\\\/uploads\\\/sites\\\/3\\\/2025\\\/02\\\/Montedorook.jpg\",\"datePublished\":\"2025-02-25T15:26:46+00:00\",\"dateModified\":\"2025-02-26T16:38:34+00:00\",\"breadcrumb\":{\"@id\":\"https:\\\/\\\/unione.gct.mi.it\\\/it\\\/carlo-montedoro-designato-per-la-presidenza-di-assografici-per-il-quadriennio-2025-2029\\\/#breadcrumb\"},\"inLanguage\":\"it-IT\",\"potentialAction\":[{\"@type\":\"ReadAction\",\"target\":[\"https:\\\/\\\/unione.gct.mi.it\\\/it\\\/carlo-montedoro-designato-per-la-presidenza-di-assografici-per-il-quadriennio-2025-2029\\\/\"]}]},{\"@type\":\"ImageObject\",\"inLanguage\":\"it-IT\",\"@id\":\"https:\\\/\\\/unione.gct.mi.it\\\/it\\\/carlo-montedoro-designato-per-la-presidenza-di-assografici-per-il-quadriennio-2025-2029\\\/#primaryimage\",\"url\":\"https:\\\/\\\/unione.gct.mi.it\\\/wp-content\\\/uploads\\\/sites\\\/3\\\/2025\\\/02\\\/Montedorook.jpg\",\"contentUrl\":\"https:\\\/\\\/unione.gct.mi.it\\\/wp-content\\\/uploads\\\/sites\\\/3\\\/2025\\\/02\\\/Montedorook.jpg\",\"width\":997,\"height\":750},{\"@type\":\"BreadcrumbList\",\"@id\":\"https:\\\/\\\/unione.gct.mi.it\\\/it\\\/carlo-montedoro-designato-per-la-presidenza-di-assografici-per-il-quadriennio-2025-2029\\\/#breadcrumb\",\"itemListElement\":[{\"@type\":\"ListItem\",\"position\":1,\"name\":\"Home\",\"item\":\"https:\\\/\\\/unione.gct.mi.it\\\/\"},{\"@type\":\"ListItem\",\"position\":2,\"name\":\"Carlo Montedoro designato per la presidenza di Assografici per il quadriennio 2025-2029\"}]},{\"@type\":\"WebSite\",\"@id\":\"https:\\\/\\\/unione.gct.mi.it\\\/it\\\/#website\",\"url\":\"https:\\\/\\\/unione.gct.mi.it\\\/it\\\/\",\"name\":\"Unione GCT\",\"description\":\"Unione Grafici Cartotecnici Trasformatori Carta\",\"publisher\":{\"@id\":\"https:\\\/\\\/unione.gct.mi.it\\\/it\\\/#organization\"},\"potentialAction\":[{\"@type\":\"SearchAction\",\"target\":{\"@type\":\"EntryPoint\",\"urlTemplate\":\"https:\\\/\\\/unione.gct.mi.it\\\/it\\\/?s={search_term_string}\"},\"query-input\":{\"@type\":\"PropertyValueSpecification\",\"valueRequired\":true,\"valueName\":\"search_term_string\"}}],\"inLanguage\":\"it-IT\"},{\"@type\":\"Organization\",\"@id\":\"https:\\\/\\\/unione.gct.mi.it\\\/it\\\/#organization\",\"name\":\"Unione Industriali Grafici Cartotecnici Trasformatori carta e affini della provincia di Milano\",\"url\":\"https:\\\/\\\/unione.gct.mi.it\\\/it\\\/\",\"logo\":{\"@type\":\"ImageObject\",\"inLanguage\":\"it-IT\",\"@id\":\"https:\\\/\\\/unione.gct.mi.it\\\/it\\\/#\\\/schema\\\/logo\\\/image\\\/\",\"url\":\"https:\\\/\\\/unione.gct.mi.it\\\/wp-content\\\/uploads\\\/sites\\\/3\\\/2021\\\/01\\\/logo-unione.jpg\",\"contentUrl\":\"https:\\\/\\\/unione.gct.mi.it\\\/wp-content\\\/uploads\\\/sites\\\/3\\\/2021\\\/01\\\/logo-unione.jpg\",\"width\":348,\"height\":98,\"caption\":\"Unione Industriali Grafici Cartotecnici Trasformatori carta e affini della provincia di Milano\"},\"image\":{\"@id\":\"https:\\\/\\\/unione.gct.mi.it\\\/it\\\/#\\\/schema\\\/logo\\\/image\\\/\"},\"sameAs\":[\"https:\\\/\\\/www.linkedin.com\\\/company\\\/gct-milano\"]},{\"@type\":\"Person\",\"@id\":\"https:\\\/\\\/unione.gct.mi.it\\\/it\\\/#\\\/schema\\\/person\\\/d9e69f409f0f83e24b4b3e2d331a3589\",\"name\":\"ruggero\",\"image\":{\"@type\":\"ImageObject\",\"inLanguage\":\"it-IT\",\"@id\":\"https:\\\/\\\/secure.gravatar.com\\\/avatar\\\/3161daf3d18a4a2a6a7cb7e278ccc5dda11e65c90c54e4b3367113765b8182ba?s=96&d=mm&r=g\",\"url\":\"https:\\\/\\\/secure.gravatar.com\\\/avatar\\\/3161daf3d18a4a2a6a7cb7e278ccc5dda11e65c90c54e4b3367113765b8182ba?s=96&d=mm&r=g\",\"contentUrl\":\"https:\\\/\\\/secure.gravatar.com\\\/avatar\\\/3161daf3d18a4a2a6a7cb7e278ccc5dda11e65c90c54e4b3367113765b8182ba?s=96&d=mm&r=g\",\"caption\":\"ruggero\"}}]}<\/script>\n<!-- \/ Yoast SEO plugin. -->","yoast_head_json":{"title":"Carlo Montedoro designato per la presidenza di Assografici per il quadriennio 2025-2029 - Unione GCT","robots":{"index":"index","follow":"follow","max-snippet":"max-snippet:-1","max-image-preview":"max-image-preview:large","max-video-preview":"max-video-preview:-1"},"canonical":"https:\/\/unione.gct.mi.it\/it\/carlo-montedoro-designato-per-la-presidenza-di-assografici-per-il-quadriennio-2025-2029\/","og_locale":"it_IT","og_type":"article","og_title":"Carlo Montedoro designato per la presidenza di Assografici per il quadriennio 2025-2029 - Unione GCT","og_description":"Carlo Montedoro sar\u00e0 il presidente di Assografici per il quadriennio 2025-2029, succedendo cos\u00ec all&#8217;attuale Presidente Emilio Albertini in scadenza di mandato. Il Consiglio Generale, riunito il 25 febbraio, ha accolto e approvato l&#8217;indicazione formulata dalla commissione di designazione (formata da Floriano Botta, Elisabetta Brambilla e Giorgio Zangarelli). Montedoro, ingegnere civile, ha abbracciato il mondo della [&hellip;]","og_url":"https:\/\/unione.gct.mi.it\/it\/carlo-montedoro-designato-per-la-presidenza-di-assografici-per-il-quadriennio-2025-2029\/","og_site_name":"Unione GCT","article_published_time":"2025-02-25T15:26:46+00:00","article_modified_time":"2025-02-26T16:38:34+00:00","og_image":[{"width":997,"height":750,"url":"https:\/\/unione.gct.mi.it\/wp-content\/uploads\/sites\/3\/2025\/02\/Montedorook.jpg","type":"image\/jpeg"}],"author":"ruggero","twitter_card":"summary_large_image","twitter_misc":{"Scritto da":"ruggero","Tempo di lettura stimato":"2 minuti"},"schema":{"@context":"https:\/\/schema.org","@graph":[{"@type":"Article","@id":"https:\/\/unione.gct.mi.it\/it\/carlo-montedoro-designato-per-la-presidenza-di-assografici-per-il-quadriennio-2025-2029\/#article","isPartOf":{"@id":"https:\/\/unione.gct.mi.it\/it\/carlo-montedoro-designato-per-la-presidenza-di-assografici-per-il-quadriennio-2025-2029\/"},"author":{"name":"ruggero","@id":"https:\/\/unione.gct.mi.it\/it\/#\/schema\/person\/d9e69f409f0f83e24b4b3e2d331a3589"},"headline":"Carlo Montedoro designato per la presidenza di Assografici per il quadriennio 2025-2029","datePublished":"2025-02-25T15:26:46+00:00","dateModified":"2025-02-26T16:38:34+00:00","mainEntityOfPage":{"@id":"https:\/\/unione.gct.mi.it\/it\/carlo-montedoro-designato-per-la-presidenza-di-assografici-per-il-quadriennio-2025-2029\/"},"wordCount":229,"publisher":{"@id":"https:\/\/unione.gct.mi.it\/it\/#organization"},"image":{"@id":"https:\/\/unione.gct.mi.it\/it\/carlo-montedoro-designato-per-la-presidenza-di-assografici-per-il-quadriennio-2025-2029\/#primaryimage"},"thumbnailUrl":"https:\/\/unione.gct.mi.it\/wp-content\/uploads\/sites\/3\/2025\/02\/Montedorook.jpg","articleSection":["Governance"],"inLanguage":"it-IT"},{"@type":"WebPage","@id":"https:\/\/unione.gct.mi.it\/it\/carlo-montedoro-designato-per-la-presidenza-di-assografici-per-il-quadriennio-2025-2029\/","url":"https:\/\/unione.gct.mi.it\/it\/carlo-montedoro-designato-per-la-presidenza-di-assografici-per-il-quadriennio-2025-2029\/","name":"Carlo Montedoro designato per la presidenza di Assografici per il quadriennio 2025-2029 - Unione GCT","isPartOf":{"@id":"https:\/\/unione.gct.mi.it\/it\/#website"},"primaryImageOfPage":{"@id":"https:\/\/unione.gct.mi.it\/it\/carlo-montedoro-designato-per-la-presidenza-di-assografici-per-il-quadriennio-2025-2029\/#primaryimage"},"image":{"@id":"https:\/\/unione.gct.mi.it\/it\/carlo-montedoro-designato-per-la-presidenza-di-assografici-per-il-quadriennio-2025-2029\/#primaryimage"},"thumbnailUrl":"https:\/\/unione.gct.mi.it\/wp-content\/uploads\/sites\/3\/2025\/02\/Montedorook.jpg","datePublished":"2025-02-25T15:26:46+00:00","dateModified":"2025-02-26T16:38:34+00:00","breadcrumb":{"@id":"https:\/\/unione.gct.mi.it\/it\/carlo-montedoro-designato-per-la-presidenza-di-assografici-per-il-quadriennio-2025-2029\/#breadcrumb"},"inLanguage":"it-IT","potentialAction":[{"@type":"ReadAction","target":["https:\/\/unione.gct.mi.it\/it\/carlo-montedoro-designato-per-la-presidenza-di-assografici-per-il-quadriennio-2025-2029\/"]}]},{"@type":"ImageObject","inLanguage":"it-IT","@id":"https:\/\/unione.gct.mi.it\/it\/carlo-montedoro-designato-per-la-presidenza-di-assografici-per-il-quadriennio-2025-2029\/#primaryimage","url":"https:\/\/unione.gct.mi.it\/wp-content\/uploads\/sites\/3\/2025\/02\/Montedorook.jpg","contentUrl":"https:\/\/unione.gct.mi.it\/wp-content\/uploads\/sites\/3\/2025\/02\/Montedorook.jpg","width":997,"height":750},{"@type":"BreadcrumbList","@id":"https:\/\/unione.gct.mi.it\/it\/carlo-montedoro-designato-per-la-presidenza-di-assografici-per-il-quadriennio-2025-2029\/#breadcrumb","itemListElement":[{"@type":"ListItem","position":1,"name":"Home","item":"https:\/\/unione.gct.mi.it\/"},{"@type":"ListItem","position":2,"name":"Carlo Montedoro designato per la presidenza di Assografici per il quadriennio 2025-2029"}]},{"@type":"WebSite","@id":"https:\/\/unione.gct.mi.it\/it\/#website","url":"https:\/\/unione.gct.mi.it\/it\/","name":"Unione GCT","description":"Unione Grafici Cartotecnici Trasformatori Carta","publisher":{"@id":"https:\/\/unione.gct.mi.it\/it\/#organization"},"potentialAction":[{"@type":"SearchAction","target":{"@type":"EntryPoint","urlTemplate":"https:\/\/unione.gct.mi.it\/it\/?s={search_term_string}"},"query-input":{"@type":"PropertyValueSpecification","valueRequired":true,"valueName":"search_term_string"}}],"inLanguage":"it-IT"},{"@type":"Organization","@id":"https:\/\/unione.gct.mi.it\/it\/#organization","name":"Unione Industriali Grafici Cartotecnici Trasformatori carta e affini della provincia di Milano","url":"https:\/\/unione.gct.mi.it\/it\/","logo":{"@type":"ImageObject","inLanguage":"it-IT","@id":"https:\/\/unione.gct.mi.it\/it\/#\/schema\/logo\/image\/","url":"https:\/\/unione.gct.mi.it\/wp-content\/uploads\/sites\/3\/2021\/01\/logo-unione.jpg","contentUrl":"https:\/\/unione.gct.mi.it\/wp-content\/uploads\/sites\/3\/2021\/01\/logo-unione.jpg","width":348,"height":98,"caption":"Unione Industriali Grafici Cartotecnici Trasformatori carta e affini della provincia di Milano"},"image":{"@id":"https:\/\/unione.gct.mi.it\/it\/#\/schema\/logo\/image\/"},"sameAs":["https:\/\/www.linkedin.com\/company\/gct-milano"]},{"@type":"Person","@id":"https:\/\/unione.gct.mi.it\/it\/#\/schema\/person\/d9e69f409f0f83e24b4b3e2d331a3589","name":"ruggero","image":{"@type":"ImageObject","inLanguage":"it-IT","@id":"https:\/\/secure.gravatar.com\/avatar\/3161daf3d18a4a2a6a7cb7e278ccc5dda11e65c90c54e4b3367113765b8182ba?s=96&d=mm&r=g","url":"https:\/\/secure.gravatar.com\/avatar\/3161daf3d18a4a2a6a7cb7e278ccc5dda11e65c90c54e4b3367113765b8182ba?s=96&d=mm&r=g","contentUrl":"https:\/\/secure.gravatar.com\/avatar\/3161daf3d18a4a2a6a7cb7e278ccc5dda11e65c90c54e4b3367113765b8182ba?s=96&d=mm&r=g","caption":"ruggero"}}]}},"_links":{"self":[{"href":"https:\/\/unione.gct.mi.it\/it\/wp-json\/wp\/v2\/posts\/2508","targetHints":{"allow":["GET"]}}],"collection":[{"href":"https:\/\/unione.gct.mi.it\/it\/wp-json\/wp\/v2\/posts"}],"about":[{"href":"https:\/\/unione.gct.mi.it\/it\/wp-json\/wp\/v2\/types\/post"}],"author":[{"embeddable":true,"href":"https:\/\/unione.gct.mi.it\/it\/wp-json\/wp\/v2\/users\/8"}],"replies":[{"embeddable":true,"href":"https:\/\/unione.gct.mi.it\/it\/wp-json\/wp\/v2\/comments?post=2508"}],"version-history":[{"count":1,"href":"https:\/\/unione.gct.mi.it\/it\/wp-json\/wp\/v2\/posts\/2508\/revisions"}],"predecessor-version":[{"id":2511,"href":"https:\/\/unione.gct.mi.it\/it\/wp-json\/wp\/v2\/posts\/2508\/revisions\/2511"}],"wp:featuredmedia":[{"embeddable":true,"href":"https:\/\/unione.gct.mi.it\/it\/wp-json\/wp\/v2\/media\/2509"}],"wp:attachment":[{"href":"https:\/\/unione.gct.mi.it\/it\/wp-json\/wp\/v2\/media?parent=2508"}],"wp:term":[{"taxonomy":"category","embeddable":true,"href":"https:\/\/unione.gct.mi.it\/it\/wp-json\/wp\/v2\/categories?post=2508"},{"taxonomy":"post_tag","embeddable":true,"href":"https:\/\/unione.gct.mi.it\/it\/wp-json\/wp\/v2\/tags?post=2508"},{"taxonomy":"fonte","embeddable":true,"href":"https:\/\/unione.gct.mi.it\/it\/wp-json\/wp\/v2\/fonte?post=2508"},{"taxonomy":"posizione","embeddable":true,"href":"https:\/\/unione.gct.mi.it\/it\/wp-json\/wp\/v2\/posizione?post=2508"}],"curies":[{"name":"wp","href":"https:\/\/api.w.org\/{rel}","templated":true}]}}