{"id":2151,"date":"2023-11-23T19:32:10","date_gmt":"2023-11-23T18:32:10","guid":{"rendered":"https:\/\/federazionecartagrafica.it\/?p=5170"},"modified":"2023-11-23T20:22:57","modified_gmt":"2023-11-23T19:22:57","slug":"regolamento-imballaggi-ue-la-federazione-carta-e-grafica-esprime-soddisfazione","status":"publish","type":"post","link":"https:\/\/unione.gct.mi.it\/it\/regolamento-imballaggi-ue-la-federazione-carta-e-grafica-esprime-soddisfazione\/","title":{"rendered":"Regolamento imballaggi UE: la Federazione Carta e Grafica esprime soddisfazione"},"content":{"rendered":"<p>Il 22 novembre non rester\u00e0 negli annali come una data da dimenticare, anzi: il Regolamento Imballaggi UE \u00e8 stato approvato dal Parlamento Europeo, riunito in plenaria, con le modifiche a pi\u00f9 riprese sollecitate dall&#8217;industria e dal Governo italiani. La Federazione Carta e Grafica esprime soddisfazione e apprezzamento per il lavoro che \u00e8 stato svolto dal Parlamento che ha introdotto, con numerosi emendamenti, miglioramenti importanti al testo originario del PPWR, rispetto alla formulazione deliberata dalla Commissione Envi (Ambiente) a met\u00e0 ottobre.<\/p>\n<p>Molteplici gli emendamenti positivi approvati: eliminato il concetto di \u201cclose loop\u201d nel riciclo; maggiore attenzione sui materiali a contatto con alimenti; introdotte importanti deroghe agli obiettivi di riuso e ai divieti su alcuni imballaggi monouso, qualora si raggiungano alcuni obiettivi di riciclo, oppure gli impatti ambientali lo giustifichino; ampliate le esenzioni per il cartone, ridotti o eliminati obiettivi di riuso al 2040, eliminate alcune specifiche restrizioni su imballaggi monouso.<\/p>\n<p>\u201cQuello che \u00e8 importante sottolineare \u2013 afferma <strong>Maurizio D\u2019Adda<\/strong>, Direttore Generale della Federazione &#8211; \u00e8 che il Parlamento ha inteso riequilibrare il testo del PPWR: non si pu\u00f2 determinare la spinta al riuso deprimendo i risultati raggiunti e gli investimenti fatti negli anni per sviluppare le attivit\u00e0 di riciclo e l\u2019economia circolare e deve avere attenzione alle diverse caratteristiche dei diversi materiali che vengono impiegati per realizzare gli imballaggi&#8221;.<\/p>\n<p>D&#8217;Adda ha proseguito complimentandosi con gli europarlamentari italiani &#8220;per la compattezza dimostrata nel difendere gli interessi e le posizioni di un Paese che \u00e8 oggi leader in Europa nei risultati raggiunti sul riciclo e un ringraziamento particolare va a quei parlamentari che hanno fatto prevalere posizioni di buon senso e guidato i colleghi a votare emendamenti contrari alla posizione della Commissione&#8221;.<\/p>\n","protected":false},"excerpt":{"rendered":"<p>Il 22 novembre non rester\u00e0 negli annali come una data da dimenticare, anzi: il Regolamento Imballaggi UE \u00e8 stato approvato dal Parlamento Europeo, riunito in plenaria, con le modifiche a pi\u00f9 riprese sollecitate dall&#8217;industria e dal Governo italiani. La Federazione Carta e Grafica esprime soddisfazione e apprezzamento per il lavoro che \u00e8 stato svolto dal [&hellip;]<\/p>\n","protected":false},"author":10,"featured_media":2152,"comment_status":"open","ping_status":"open","sticky":false,"template":"","format":"standard","meta":{"_acf_changed":false,"_et_pb_use_builder":"","_et_pb_old_content":"","_et_gb_content_width":"","inline_featured_image":false,"footnotes":""},"categories":[130,14],"tags":[],"fonte":[91],"posizione":[65],"class_list":["post-2151","post","type-post","status-publish","format-standard","has-post-thumbnail","hentry","category-attivita-istituzionale-2","category-packaging","fonte-federazione-carta-e-grafica-2","posizione-news-di-sistema"],"acf":[],"yoast_head":"<!-- This site is optimized with the Yoast SEO plugin v27.5 - https:\/\/yoast.com\/product\/yoast-seo-wordpress\/ -->\n<title>Regolamento imballaggi UE: la Federazione Carta e Grafica esprime soddisfazione - Unione GCT<\/title>\n<meta name=\"robots\" content=\"index, follow, max-snippet:-1, max-image-preview:large, max-video-preview:-1\" \/>\n<link rel=\"canonical\" href=\"https:\/\/unione.gct.mi.it\/it\/regolamento-imballaggi-ue-la-federazione-carta-e-grafica-esprime-soddisfazione\/\" \/>\n<meta property=\"og:locale\" content=\"it_IT\" \/>\n<meta property=\"og:type\" content=\"article\" \/>\n<meta property=\"og:title\" content=\"Regolamento imballaggi UE: la Federazione Carta e Grafica esprime soddisfazione - Unione GCT\" \/>\n<meta property=\"og:description\" content=\"Il 22 novembre non rester\u00e0 negli annali come una data da dimenticare, anzi: il Regolamento Imballaggi UE \u00e8 stato approvato dal Parlamento Europeo, riunito in plenaria, con le modifiche a pi\u00f9 riprese sollecitate dall&#8217;industria e dal Governo italiani. La Federazione Carta e Grafica esprime soddisfazione e apprezzamento per il lavoro che \u00e8 stato svolto dal [&hellip;]\" \/>\n<meta property=\"og:url\" content=\"https:\/\/unione.gct.mi.it\/it\/regolamento-imballaggi-ue-la-federazione-carta-e-grafica-esprime-soddisfazione\/\" \/>\n<meta property=\"og:site_name\" content=\"Unione GCT\" \/>\n<meta property=\"article:published_time\" content=\"2023-11-23T18:32:10+00:00\" \/>\n<meta property=\"article:modified_time\" content=\"2023-11-23T19:22:57+00:00\" \/>\n<meta property=\"og:image\" content=\"https:\/\/unione.gct.mi.it\/wp-content\/uploads\/sites\/3\/2023\/11\/IMG_3232.jpg\" \/>\n\t<meta property=\"og:image:width\" content=\"1680\" \/>\n\t<meta property=\"og:image:height\" content=\"973\" \/>\n\t<meta property=\"og:image:type\" content=\"image\/jpeg\" \/>\n<meta name=\"author\" content=\"enricosbandi\" \/>\n<meta name=\"twitter:card\" content=\"summary_large_image\" \/>\n<meta name=\"twitter:label1\" content=\"Scritto da\" \/>\n\t<meta name=\"twitter:data1\" content=\"enricosbandi\" \/>\n\t<meta name=\"twitter:label2\" content=\"Tempo di lettura stimato\" \/>\n\t<meta name=\"twitter:data2\" content=\"2 minuti\" \/>\n<script type=\"application\/ld+json\" class=\"yoast-schema-graph\">{\"@context\":\"https:\\\/\\\/schema.org\",\"@graph\":[{\"@type\":\"Article\",\"@id\":\"https:\\\/\\\/unione.gct.mi.it\\\/it\\\/regolamento-imballaggi-ue-la-federazione-carta-e-grafica-esprime-soddisfazione\\\/#article\",\"isPartOf\":{\"@id\":\"https:\\\/\\\/unione.gct.mi.it\\\/it\\\/regolamento-imballaggi-ue-la-federazione-carta-e-grafica-esprime-soddisfazione\\\/\"},\"author\":{\"name\":\"enricosbandi\",\"@id\":\"https:\\\/\\\/unione.gct.mi.it\\\/it\\\/#\\\/schema\\\/person\\\/0a527942a7bba1368f20325090c35556\"},\"headline\":\"Regolamento imballaggi UE: la Federazione Carta e Grafica esprime soddisfazione\",\"datePublished\":\"2023-11-23T18:32:10+00:00\",\"dateModified\":\"2023-11-23T19:22:57+00:00\",\"mainEntityOfPage\":{\"@id\":\"https:\\\/\\\/unione.gct.mi.it\\\/it\\\/regolamento-imballaggi-ue-la-federazione-carta-e-grafica-esprime-soddisfazione\\\/\"},\"wordCount\":285,\"commentCount\":0,\"publisher\":{\"@id\":\"https:\\\/\\\/unione.gct.mi.it\\\/it\\\/#organization\"},\"image\":{\"@id\":\"https:\\\/\\\/unione.gct.mi.it\\\/it\\\/regolamento-imballaggi-ue-la-federazione-carta-e-grafica-esprime-soddisfazione\\\/#primaryimage\"},\"thumbnailUrl\":\"https:\\\/\\\/unione.gct.mi.it\\\/wp-content\\\/uploads\\\/sites\\\/3\\\/2023\\\/11\\\/IMG_3232.jpg\",\"articleSection\":[\"Attivit\u00e0 Istituzionale\",\"Packaging\"],\"inLanguage\":\"it-IT\"},{\"@type\":\"WebPage\",\"@id\":\"https:\\\/\\\/unione.gct.mi.it\\\/it\\\/regolamento-imballaggi-ue-la-federazione-carta-e-grafica-esprime-soddisfazione\\\/\",\"url\":\"https:\\\/\\\/unione.gct.mi.it\\\/it\\\/regolamento-imballaggi-ue-la-federazione-carta-e-grafica-esprime-soddisfazione\\\/\",\"name\":\"Regolamento imballaggi UE: la Federazione Carta e Grafica esprime soddisfazione - Unione GCT\",\"isPartOf\":{\"@id\":\"https:\\\/\\\/unione.gct.mi.it\\\/it\\\/#website\"},\"primaryImageOfPage\":{\"@id\":\"https:\\\/\\\/unione.gct.mi.it\\\/it\\\/regolamento-imballaggi-ue-la-federazione-carta-e-grafica-esprime-soddisfazione\\\/#primaryimage\"},\"image\":{\"@id\":\"https:\\\/\\\/unione.gct.mi.it\\\/it\\\/regolamento-imballaggi-ue-la-federazione-carta-e-grafica-esprime-soddisfazione\\\/#primaryimage\"},\"thumbnailUrl\":\"https:\\\/\\\/unione.gct.mi.it\\\/wp-content\\\/uploads\\\/sites\\\/3\\\/2023\\\/11\\\/IMG_3232.jpg\",\"datePublished\":\"2023-11-23T18:32:10+00:00\",\"dateModified\":\"2023-11-23T19:22:57+00:00\",\"breadcrumb\":{\"@id\":\"https:\\\/\\\/unione.gct.mi.it\\\/it\\\/regolamento-imballaggi-ue-la-federazione-carta-e-grafica-esprime-soddisfazione\\\/#breadcrumb\"},\"inLanguage\":\"it-IT\",\"potentialAction\":[{\"@type\":\"ReadAction\",\"target\":[\"https:\\\/\\\/unione.gct.mi.it\\\/it\\\/regolamento-imballaggi-ue-la-federazione-carta-e-grafica-esprime-soddisfazione\\\/\"]}]},{\"@type\":\"ImageObject\",\"inLanguage\":\"it-IT\",\"@id\":\"https:\\\/\\\/unione.gct.mi.it\\\/it\\\/regolamento-imballaggi-ue-la-federazione-carta-e-grafica-esprime-soddisfazione\\\/#primaryimage\",\"url\":\"https:\\\/\\\/unione.gct.mi.it\\\/wp-content\\\/uploads\\\/sites\\\/3\\\/2023\\\/11\\\/IMG_3232.jpg\",\"contentUrl\":\"https:\\\/\\\/unione.gct.mi.it\\\/wp-content\\\/uploads\\\/sites\\\/3\\\/2023\\\/11\\\/IMG_3232.jpg\",\"width\":1680,\"height\":973},{\"@type\":\"BreadcrumbList\",\"@id\":\"https:\\\/\\\/unione.gct.mi.it\\\/it\\\/regolamento-imballaggi-ue-la-federazione-carta-e-grafica-esprime-soddisfazione\\\/#breadcrumb\",\"itemListElement\":[{\"@type\":\"ListItem\",\"position\":1,\"name\":\"Home\",\"item\":\"https:\\\/\\\/unione.gct.mi.it\\\/\"},{\"@type\":\"ListItem\",\"position\":2,\"name\":\"Regolamento imballaggi UE: la Federazione Carta e Grafica esprime soddisfazione\"}]},{\"@type\":\"WebSite\",\"@id\":\"https:\\\/\\\/unione.gct.mi.it\\\/it\\\/#website\",\"url\":\"https:\\\/\\\/unione.gct.mi.it\\\/it\\\/\",\"name\":\"Unione GCT\",\"description\":\"Unione Grafici Cartotecnici Trasformatori Carta\",\"publisher\":{\"@id\":\"https:\\\/\\\/unione.gct.mi.it\\\/it\\\/#organization\"},\"potentialAction\":[{\"@type\":\"SearchAction\",\"target\":{\"@type\":\"EntryPoint\",\"urlTemplate\":\"https:\\\/\\\/unione.gct.mi.it\\\/it\\\/?s={search_term_string}\"},\"query-input\":{\"@type\":\"PropertyValueSpecification\",\"valueRequired\":true,\"valueName\":\"search_term_string\"}}],\"inLanguage\":\"it-IT\"},{\"@type\":\"Organization\",\"@id\":\"https:\\\/\\\/unione.gct.mi.it\\\/it\\\/#organization\",\"name\":\"Unione Industriali Grafici Cartotecnici Trasformatori carta e affini della provincia di Milano\",\"url\":\"https:\\\/\\\/unione.gct.mi.it\\\/it\\\/\",\"logo\":{\"@type\":\"ImageObject\",\"inLanguage\":\"it-IT\",\"@id\":\"https:\\\/\\\/unione.gct.mi.it\\\/it\\\/#\\\/schema\\\/logo\\\/image\\\/\",\"url\":\"https:\\\/\\\/unione.gct.mi.it\\\/wp-content\\\/uploads\\\/sites\\\/3\\\/2021\\\/01\\\/logo-unione.jpg\",\"contentUrl\":\"https:\\\/\\\/unione.gct.mi.it\\\/wp-content\\\/uploads\\\/sites\\\/3\\\/2021\\\/01\\\/logo-unione.jpg\",\"width\":348,\"height\":98,\"caption\":\"Unione Industriali Grafici Cartotecnici Trasformatori carta e affini della provincia di Milano\"},\"image\":{\"@id\":\"https:\\\/\\\/unione.gct.mi.it\\\/it\\\/#\\\/schema\\\/logo\\\/image\\\/\"},\"sameAs\":[\"https:\\\/\\\/www.linkedin.com\\\/company\\\/gct-milano\"]},{\"@type\":\"Person\",\"@id\":\"https:\\\/\\\/unione.gct.mi.it\\\/it\\\/#\\\/schema\\\/person\\\/0a527942a7bba1368f20325090c35556\",\"name\":\"enricosbandi\",\"image\":{\"@type\":\"ImageObject\",\"inLanguage\":\"it-IT\",\"@id\":\"https:\\\/\\\/secure.gravatar.com\\\/avatar\\\/5fab3e07d7a1fefcc017d11e895c925f926d3a539b828129bb54949a8ac834d5?s=96&d=mm&r=g\",\"url\":\"https:\\\/\\\/secure.gravatar.com\\\/avatar\\\/5fab3e07d7a1fefcc017d11e895c925f926d3a539b828129bb54949a8ac834d5?s=96&d=mm&r=g\",\"contentUrl\":\"https:\\\/\\\/secure.gravatar.com\\\/avatar\\\/5fab3e07d7a1fefcc017d11e895c925f926d3a539b828129bb54949a8ac834d5?s=96&d=mm&r=g\",\"caption\":\"enricosbandi\"}}]}<\/script>\n<!-- \/ Yoast SEO plugin. -->","yoast_head_json":{"title":"Regolamento imballaggi UE: la Federazione Carta e Grafica esprime soddisfazione - Unione GCT","robots":{"index":"index","follow":"follow","max-snippet":"max-snippet:-1","max-image-preview":"max-image-preview:large","max-video-preview":"max-video-preview:-1"},"canonical":"https:\/\/unione.gct.mi.it\/it\/regolamento-imballaggi-ue-la-federazione-carta-e-grafica-esprime-soddisfazione\/","og_locale":"it_IT","og_type":"article","og_title":"Regolamento imballaggi UE: la Federazione Carta e Grafica esprime soddisfazione - Unione GCT","og_description":"Il 22 novembre non rester\u00e0 negli annali come una data da dimenticare, anzi: il Regolamento Imballaggi UE \u00e8 stato approvato dal Parlamento Europeo, riunito in plenaria, con le modifiche a pi\u00f9 riprese sollecitate dall&#8217;industria e dal Governo italiani. La Federazione Carta e Grafica esprime soddisfazione e apprezzamento per il lavoro che \u00e8 stato svolto dal [&hellip;]","og_url":"https:\/\/unione.gct.mi.it\/it\/regolamento-imballaggi-ue-la-federazione-carta-e-grafica-esprime-soddisfazione\/","og_site_name":"Unione GCT","article_published_time":"2023-11-23T18:32:10+00:00","article_modified_time":"2023-11-23T19:22:57+00:00","og_image":[{"width":1680,"height":973,"url":"https:\/\/unione.gct.mi.it\/wp-content\/uploads\/sites\/3\/2023\/11\/IMG_3232.jpg","type":"image\/jpeg"}],"author":"enricosbandi","twitter_card":"summary_large_image","twitter_misc":{"Scritto da":"enricosbandi","Tempo di lettura stimato":"2 minuti"},"schema":{"@context":"https:\/\/schema.org","@graph":[{"@type":"Article","@id":"https:\/\/unione.gct.mi.it\/it\/regolamento-imballaggi-ue-la-federazione-carta-e-grafica-esprime-soddisfazione\/#article","isPartOf":{"@id":"https:\/\/unione.gct.mi.it\/it\/regolamento-imballaggi-ue-la-federazione-carta-e-grafica-esprime-soddisfazione\/"},"author":{"name":"enricosbandi","@id":"https:\/\/unione.gct.mi.it\/it\/#\/schema\/person\/0a527942a7bba1368f20325090c35556"},"headline":"Regolamento imballaggi UE: la Federazione Carta e Grafica esprime soddisfazione","datePublished":"2023-11-23T18:32:10+00:00","dateModified":"2023-11-23T19:22:57+00:00","mainEntityOfPage":{"@id":"https:\/\/unione.gct.mi.it\/it\/regolamento-imballaggi-ue-la-federazione-carta-e-grafica-esprime-soddisfazione\/"},"wordCount":285,"commentCount":0,"publisher":{"@id":"https:\/\/unione.gct.mi.it\/it\/#organization"},"image":{"@id":"https:\/\/unione.gct.mi.it\/it\/regolamento-imballaggi-ue-la-federazione-carta-e-grafica-esprime-soddisfazione\/#primaryimage"},"thumbnailUrl":"https:\/\/unione.gct.mi.it\/wp-content\/uploads\/sites\/3\/2023\/11\/IMG_3232.jpg","articleSection":["Attivit\u00e0 Istituzionale","Packaging"],"inLanguage":"it-IT"},{"@type":"WebPage","@id":"https:\/\/unione.gct.mi.it\/it\/regolamento-imballaggi-ue-la-federazione-carta-e-grafica-esprime-soddisfazione\/","url":"https:\/\/unione.gct.mi.it\/it\/regolamento-imballaggi-ue-la-federazione-carta-e-grafica-esprime-soddisfazione\/","name":"Regolamento imballaggi UE: la Federazione Carta e Grafica esprime soddisfazione - Unione GCT","isPartOf":{"@id":"https:\/\/unione.gct.mi.it\/it\/#website"},"primaryImageOfPage":{"@id":"https:\/\/unione.gct.mi.it\/it\/regolamento-imballaggi-ue-la-federazione-carta-e-grafica-esprime-soddisfazione\/#primaryimage"},"image":{"@id":"https:\/\/unione.gct.mi.it\/it\/regolamento-imballaggi-ue-la-federazione-carta-e-grafica-esprime-soddisfazione\/#primaryimage"},"thumbnailUrl":"https:\/\/unione.gct.mi.it\/wp-content\/uploads\/sites\/3\/2023\/11\/IMG_3232.jpg","datePublished":"2023-11-23T18:32:10+00:00","dateModified":"2023-11-23T19:22:57+00:00","breadcrumb":{"@id":"https:\/\/unione.gct.mi.it\/it\/regolamento-imballaggi-ue-la-federazione-carta-e-grafica-esprime-soddisfazione\/#breadcrumb"},"inLanguage":"it-IT","potentialAction":[{"@type":"ReadAction","target":["https:\/\/unione.gct.mi.it\/it\/regolamento-imballaggi-ue-la-federazione-carta-e-grafica-esprime-soddisfazione\/"]}]},{"@type":"ImageObject","inLanguage":"it-IT","@id":"https:\/\/unione.gct.mi.it\/it\/regolamento-imballaggi-ue-la-federazione-carta-e-grafica-esprime-soddisfazione\/#primaryimage","url":"https:\/\/unione.gct.mi.it\/wp-content\/uploads\/sites\/3\/2023\/11\/IMG_3232.jpg","contentUrl":"https:\/\/unione.gct.mi.it\/wp-content\/uploads\/sites\/3\/2023\/11\/IMG_3232.jpg","width":1680,"height":973},{"@type":"BreadcrumbList","@id":"https:\/\/unione.gct.mi.it\/it\/regolamento-imballaggi-ue-la-federazione-carta-e-grafica-esprime-soddisfazione\/#breadcrumb","itemListElement":[{"@type":"ListItem","position":1,"name":"Home","item":"https:\/\/unione.gct.mi.it\/"},{"@type":"ListItem","position":2,"name":"Regolamento imballaggi UE: la Federazione Carta e Grafica esprime soddisfazione"}]},{"@type":"WebSite","@id":"https:\/\/unione.gct.mi.it\/it\/#website","url":"https:\/\/unione.gct.mi.it\/it\/","name":"Unione GCT","description":"Unione Grafici Cartotecnici Trasformatori Carta","publisher":{"@id":"https:\/\/unione.gct.mi.it\/it\/#organization"},"potentialAction":[{"@type":"SearchAction","target":{"@type":"EntryPoint","urlTemplate":"https:\/\/unione.gct.mi.it\/it\/?s={search_term_string}"},"query-input":{"@type":"PropertyValueSpecification","valueRequired":true,"valueName":"search_term_string"}}],"inLanguage":"it-IT"},{"@type":"Organization","@id":"https:\/\/unione.gct.mi.it\/it\/#organization","name":"Unione Industriali Grafici Cartotecnici Trasformatori carta e affini della provincia di Milano","url":"https:\/\/unione.gct.mi.it\/it\/","logo":{"@type":"ImageObject","inLanguage":"it-IT","@id":"https:\/\/unione.gct.mi.it\/it\/#\/schema\/logo\/image\/","url":"https:\/\/unione.gct.mi.it\/wp-content\/uploads\/sites\/3\/2021\/01\/logo-unione.jpg","contentUrl":"https:\/\/unione.gct.mi.it\/wp-content\/uploads\/sites\/3\/2021\/01\/logo-unione.jpg","width":348,"height":98,"caption":"Unione Industriali Grafici Cartotecnici Trasformatori carta e affini della provincia di Milano"},"image":{"@id":"https:\/\/unione.gct.mi.it\/it\/#\/schema\/logo\/image\/"},"sameAs":["https:\/\/www.linkedin.com\/company\/gct-milano"]},{"@type":"Person","@id":"https:\/\/unione.gct.mi.it\/it\/#\/schema\/person\/0a527942a7bba1368f20325090c35556","name":"enricosbandi","image":{"@type":"ImageObject","inLanguage":"it-IT","@id":"https:\/\/secure.gravatar.com\/avatar\/5fab3e07d7a1fefcc017d11e895c925f926d3a539b828129bb54949a8ac834d5?s=96&d=mm&r=g","url":"https:\/\/secure.gravatar.com\/avatar\/5fab3e07d7a1fefcc017d11e895c925f926d3a539b828129bb54949a8ac834d5?s=96&d=mm&r=g","contentUrl":"https:\/\/secure.gravatar.com\/avatar\/5fab3e07d7a1fefcc017d11e895c925f926d3a539b828129bb54949a8ac834d5?s=96&d=mm&r=g","caption":"enricosbandi"}}]}},"_links":{"self":[{"href":"https:\/\/unione.gct.mi.it\/it\/wp-json\/wp\/v2\/posts\/2151","targetHints":{"allow":["GET"]}}],"collection":[{"href":"https:\/\/unione.gct.mi.it\/it\/wp-json\/wp\/v2\/posts"}],"about":[{"href":"https:\/\/unione.gct.mi.it\/it\/wp-json\/wp\/v2\/types\/post"}],"author":[{"embeddable":true,"href":"https:\/\/unione.gct.mi.it\/it\/wp-json\/wp\/v2\/users\/10"}],"replies":[{"embeddable":true,"href":"https:\/\/unione.gct.mi.it\/it\/wp-json\/wp\/v2\/comments?post=2151"}],"version-history":[{"count":1,"href":"https:\/\/unione.gct.mi.it\/it\/wp-json\/wp\/v2\/posts\/2151\/revisions"}],"predecessor-version":[{"id":2154,"href":"https:\/\/unione.gct.mi.it\/it\/wp-json\/wp\/v2\/posts\/2151\/revisions\/2154"}],"wp:featuredmedia":[{"embeddable":true,"href":"https:\/\/unione.gct.mi.it\/it\/wp-json\/wp\/v2\/media\/2152"}],"wp:attachment":[{"href":"https:\/\/unione.gct.mi.it\/it\/wp-json\/wp\/v2\/media?parent=2151"}],"wp:term":[{"taxonomy":"category","embeddable":true,"href":"https:\/\/unione.gct.mi.it\/it\/wp-json\/wp\/v2\/categories?post=2151"},{"taxonomy":"post_tag","embeddable":true,"href":"https:\/\/unione.gct.mi.it\/it\/wp-json\/wp\/v2\/tags?post=2151"},{"taxonomy":"fonte","embeddable":true,"href":"https:\/\/unione.gct.mi.it\/it\/wp-json\/wp\/v2\/fonte?post=2151"},{"taxonomy":"posizione","embeddable":true,"href":"https:\/\/unione.gct.mi.it\/it\/wp-json\/wp\/v2\/posizione?post=2151"}],"curies":[{"name":"wp","href":"https:\/\/api.w.org\/{rel}","templated":true}]}}