{"id":1756,"date":"2023-06-30T11:47:29","date_gmt":"2023-06-30T09:47:29","guid":{"rendered":"https:\/\/federazionecartagrafica.it\/?p=4163"},"modified":"2023-07-06T11:50:56","modified_gmt":"2023-07-06T09:50:56","slug":"niente-compromessi-in-europa-sul-regolamento-imballaggi-la-posizione-italiana-e-chiara","status":"publish","type":"post","link":"https:\/\/unione.gct.mi.it\/niente-compromessi-in-europa-sul-regolamento-imballaggi-la-posizione-italiana-e-chiara\/","title":{"rendered":"Niente compromessi in Europa sul regolamento imballaggi: la posizione italiana \u00e8 chiara"},"content":{"rendered":"<p>La proposta europea in materia di imballaggi presenta tante, troppe criticit\u00e0, rispetto alle quali <strong>la posizione italiana \u00e8 chiara, come emerge dal parere approvato dalle Commissioni Ambiente e Attivit\u00e0 produttive della Camera.<\/strong> Lo afferma in una nota il direttore generale della Federazione Carta e Grafica <strong>Maurizio D\u2019Adda<\/strong> (<a href=\"https:\/\/federazionecartagrafica.it\/area_stampa\/imballaggi-federazione-carta-e-grafica-nuove-chiare-indicazioni-dal-parlamento-italiano\/\" target=\"_blank\" rel=\"noopener\"><span style=\"color: #0000ff\">qui il documento completo<\/span><\/a>).<\/p>\n<p>L\u2019attuale bozza di regolamento europeo impone regole di gestione degli imballaggi in modo orizzontale a tutti gli Stati membri <strong>senza prestare attenzione alla storia e all\u2019attuale funzionamento dei rispettivi sistemi<\/strong>. &#8220;<em>\u00c8 una scelta miope che trascura nel caso dell\u2019Italia l\u2019eccellenza del riciclo della carta e non solo<\/em> &#8211; \u00e8 la posizione espressa dalla Federazione -. <em>Il tutto, senza una credibile valutazione d\u2019impatto sui singoli materiali e sulle rispettive filiere<\/em>&#8220;.<\/p>\n<p><strong>Preoccupano anche le bozze di compromesso<\/strong> alle quali lavora presidenza svedese di turno della UE. Dalla Federazione sale quindi l\u2019appello a tutti i decisori \u201c<em>perch\u00e9 <strong>non cedano, sotto la pressione dettata dall\u2019avvicinarsi del fine legislatura europea, alla fretta di chiudere un dossier cos\u00ec rilevante senza riflettere su tutti i possibili risvolti per il buon funzionamento dell\u2019economia circolare<\/strong><\/em>\u201d.<\/p>\n","protected":false},"excerpt":{"rendered":"<p>La proposta europea in materia di imballaggi presenta tante, troppe criticit\u00e0, rispetto alle quali la posizione italiana \u00e8 chiara, come emerge dal parere approvato dalle Commissioni Ambiente e Attivit\u00e0 produttive della Camera. Lo afferma in una nota il direttore generale della Federazione Carta e Grafica Maurizio D\u2019Adda (qui il documento completo). L\u2019attuale bozza di regolamento [&hellip;]<\/p>\n","protected":false},"author":10,"featured_media":1757,"comment_status":"open","ping_status":"open","sticky":false,"template":"","format":"standard","meta":{"_acf_changed":false,"_et_pb_use_builder":"","_et_pb_old_content":"","_et_gb_content_width":"","inline_featured_image":false,"footnotes":""},"categories":[130,1,14],"tags":[],"fonte":[91],"posizione":[65],"class_list":["post-1756","post","type-post","status-publish","format-standard","has-post-thumbnail","hentry","category-attivita-istituzionale-2","category-news","category-packaging","fonte-federazione-carta-e-grafica-2","posizione-news-di-sistema"],"acf":[],"yoast_head":"<!-- This site is optimized with the Yoast SEO plugin v27.4 - https:\/\/yoast.com\/product\/yoast-seo-wordpress\/ -->\n<title>Niente compromessi in Europa sul regolamento imballaggi: la posizione italiana \u00e8 chiara - Unione GCT<\/title>\n<meta name=\"robots\" content=\"index, follow, max-snippet:-1, max-image-preview:large, max-video-preview:-1\" \/>\n<link rel=\"canonical\" href=\"https:\/\/unione.gct.mi.it\/niente-compromessi-in-europa-sul-regolamento-imballaggi-la-posizione-italiana-e-chiara\/\" \/>\n<meta property=\"og:locale\" content=\"it_IT\" \/>\n<meta property=\"og:type\" content=\"article\" \/>\n<meta property=\"og:title\" content=\"Niente compromessi in Europa sul regolamento imballaggi: la posizione italiana \u00e8 chiara - Unione GCT\" \/>\n<meta property=\"og:description\" content=\"La proposta europea in materia di imballaggi presenta tante, troppe criticit\u00e0, rispetto alle quali la posizione italiana \u00e8 chiara, come emerge dal parere approvato dalle Commissioni Ambiente e Attivit\u00e0 produttive della Camera. Lo afferma in una nota il direttore generale della Federazione Carta e Grafica Maurizio D\u2019Adda (qui il documento completo). L\u2019attuale bozza di regolamento [&hellip;]\" \/>\n<meta property=\"og:url\" content=\"https:\/\/unione.gct.mi.it\/niente-compromessi-in-europa-sul-regolamento-imballaggi-la-posizione-italiana-e-chiara\/\" \/>\n<meta property=\"og:site_name\" content=\"Unione GCT\" \/>\n<meta property=\"article:published_time\" content=\"2023-06-30T09:47:29+00:00\" \/>\n<meta property=\"article:modified_time\" content=\"2023-07-06T09:50:56+00:00\" \/>\n<meta property=\"og:image\" content=\"https:\/\/unione.gct.mi.it\/wp-content\/uploads\/sites\/3\/2023\/07\/waste-paper-4560238_640.jpg\" \/>\n\t<meta property=\"og:image:width\" content=\"640\" \/>\n\t<meta property=\"og:image:height\" content=\"426\" \/>\n\t<meta property=\"og:image:type\" content=\"image\/jpeg\" \/>\n<meta name=\"author\" content=\"enricosbandi\" \/>\n<meta name=\"twitter:card\" content=\"summary_large_image\" \/>\n<meta name=\"twitter:label1\" content=\"Scritto da\" \/>\n\t<meta name=\"twitter:data1\" content=\"enricosbandi\" \/>\n\t<meta name=\"twitter:label2\" content=\"Tempo di lettura stimato\" \/>\n\t<meta name=\"twitter:data2\" content=\"1 minuto\" \/>\n<script type=\"application\/ld+json\" class=\"yoast-schema-graph\">{\"@context\":\"https:\\\/\\\/schema.org\",\"@graph\":[{\"@type\":\"Article\",\"@id\":\"https:\\\/\\\/unione.gct.mi.it\\\/niente-compromessi-in-europa-sul-regolamento-imballaggi-la-posizione-italiana-e-chiara\\\/#article\",\"isPartOf\":{\"@id\":\"https:\\\/\\\/unione.gct.mi.it\\\/niente-compromessi-in-europa-sul-regolamento-imballaggi-la-posizione-italiana-e-chiara\\\/\"},\"author\":{\"name\":\"enricosbandi\",\"@id\":\"https:\\\/\\\/unione.gct.mi.it\\\/it\\\/#\\\/schema\\\/person\\\/0a527942a7bba1368f20325090c35556\"},\"headline\":\"Niente compromessi in Europa sul regolamento imballaggi: la posizione italiana \u00e8 chiara\",\"datePublished\":\"2023-06-30T09:47:29+00:00\",\"dateModified\":\"2023-07-06T09:50:56+00:00\",\"mainEntityOfPage\":{\"@id\":\"https:\\\/\\\/unione.gct.mi.it\\\/niente-compromessi-in-europa-sul-regolamento-imballaggi-la-posizione-italiana-e-chiara\\\/\"},\"wordCount\":194,\"commentCount\":0,\"publisher\":{\"@id\":\"https:\\\/\\\/unione.gct.mi.it\\\/it\\\/#organization\"},\"image\":{\"@id\":\"https:\\\/\\\/unione.gct.mi.it\\\/niente-compromessi-in-europa-sul-regolamento-imballaggi-la-posizione-italiana-e-chiara\\\/#primaryimage\"},\"thumbnailUrl\":\"https:\\\/\\\/unione.gct.mi.it\\\/wp-content\\\/uploads\\\/sites\\\/3\\\/2023\\\/07\\\/waste-paper-4560238_640.jpg\",\"articleSection\":[\"Attivit\u00e0 Istituzionale\",\"News\",\"Packaging\"],\"inLanguage\":\"it-IT\"},{\"@type\":\"WebPage\",\"@id\":\"https:\\\/\\\/unione.gct.mi.it\\\/niente-compromessi-in-europa-sul-regolamento-imballaggi-la-posizione-italiana-e-chiara\\\/\",\"url\":\"https:\\\/\\\/unione.gct.mi.it\\\/niente-compromessi-in-europa-sul-regolamento-imballaggi-la-posizione-italiana-e-chiara\\\/\",\"name\":\"Niente compromessi in Europa sul regolamento imballaggi: la posizione italiana \u00e8 chiara - Unione GCT\",\"isPartOf\":{\"@id\":\"https:\\\/\\\/unione.gct.mi.it\\\/it\\\/#website\"},\"primaryImageOfPage\":{\"@id\":\"https:\\\/\\\/unione.gct.mi.it\\\/niente-compromessi-in-europa-sul-regolamento-imballaggi-la-posizione-italiana-e-chiara\\\/#primaryimage\"},\"image\":{\"@id\":\"https:\\\/\\\/unione.gct.mi.it\\\/niente-compromessi-in-europa-sul-regolamento-imballaggi-la-posizione-italiana-e-chiara\\\/#primaryimage\"},\"thumbnailUrl\":\"https:\\\/\\\/unione.gct.mi.it\\\/wp-content\\\/uploads\\\/sites\\\/3\\\/2023\\\/07\\\/waste-paper-4560238_640.jpg\",\"datePublished\":\"2023-06-30T09:47:29+00:00\",\"dateModified\":\"2023-07-06T09:50:56+00:00\",\"breadcrumb\":{\"@id\":\"https:\\\/\\\/unione.gct.mi.it\\\/niente-compromessi-in-europa-sul-regolamento-imballaggi-la-posizione-italiana-e-chiara\\\/#breadcrumb\"},\"inLanguage\":\"it-IT\",\"potentialAction\":[{\"@type\":\"ReadAction\",\"target\":[\"https:\\\/\\\/unione.gct.mi.it\\\/niente-compromessi-in-europa-sul-regolamento-imballaggi-la-posizione-italiana-e-chiara\\\/\"]}]},{\"@type\":\"ImageObject\",\"inLanguage\":\"it-IT\",\"@id\":\"https:\\\/\\\/unione.gct.mi.it\\\/niente-compromessi-in-europa-sul-regolamento-imballaggi-la-posizione-italiana-e-chiara\\\/#primaryimage\",\"url\":\"https:\\\/\\\/unione.gct.mi.it\\\/wp-content\\\/uploads\\\/sites\\\/3\\\/2023\\\/07\\\/waste-paper-4560238_640.jpg\",\"contentUrl\":\"https:\\\/\\\/unione.gct.mi.it\\\/wp-content\\\/uploads\\\/sites\\\/3\\\/2023\\\/07\\\/waste-paper-4560238_640.jpg\",\"width\":640,\"height\":426},{\"@type\":\"BreadcrumbList\",\"@id\":\"https:\\\/\\\/unione.gct.mi.it\\\/niente-compromessi-in-europa-sul-regolamento-imballaggi-la-posizione-italiana-e-chiara\\\/#breadcrumb\",\"itemListElement\":[{\"@type\":\"ListItem\",\"position\":1,\"name\":\"Home\",\"item\":\"https:\\\/\\\/unione.gct.mi.it\\\/\"},{\"@type\":\"ListItem\",\"position\":2,\"name\":\"Niente compromessi in Europa sul regolamento imballaggi: la posizione italiana \u00e8 chiara\"}]},{\"@type\":\"WebSite\",\"@id\":\"https:\\\/\\\/unione.gct.mi.it\\\/it\\\/#website\",\"url\":\"https:\\\/\\\/unione.gct.mi.it\\\/it\\\/\",\"name\":\"Unione GCT\",\"description\":\"Unione Grafici Cartotecnici Trasformatori Carta\",\"publisher\":{\"@id\":\"https:\\\/\\\/unione.gct.mi.it\\\/it\\\/#organization\"},\"potentialAction\":[{\"@type\":\"SearchAction\",\"target\":{\"@type\":\"EntryPoint\",\"urlTemplate\":\"https:\\\/\\\/unione.gct.mi.it\\\/it\\\/?s={search_term_string}\"},\"query-input\":{\"@type\":\"PropertyValueSpecification\",\"valueRequired\":true,\"valueName\":\"search_term_string\"}}],\"inLanguage\":\"it-IT\"},{\"@type\":\"Organization\",\"@id\":\"https:\\\/\\\/unione.gct.mi.it\\\/it\\\/#organization\",\"name\":\"Unione Industriali Grafici Cartotecnici Trasformatori carta e affini della provincia di Milano\",\"url\":\"https:\\\/\\\/unione.gct.mi.it\\\/it\\\/\",\"logo\":{\"@type\":\"ImageObject\",\"inLanguage\":\"it-IT\",\"@id\":\"https:\\\/\\\/unione.gct.mi.it\\\/it\\\/#\\\/schema\\\/logo\\\/image\\\/\",\"url\":\"https:\\\/\\\/unione.gct.mi.it\\\/wp-content\\\/uploads\\\/sites\\\/3\\\/2021\\\/01\\\/logo-unione.jpg\",\"contentUrl\":\"https:\\\/\\\/unione.gct.mi.it\\\/wp-content\\\/uploads\\\/sites\\\/3\\\/2021\\\/01\\\/logo-unione.jpg\",\"width\":348,\"height\":98,\"caption\":\"Unione Industriali Grafici Cartotecnici Trasformatori carta e affini della provincia di Milano\"},\"image\":{\"@id\":\"https:\\\/\\\/unione.gct.mi.it\\\/it\\\/#\\\/schema\\\/logo\\\/image\\\/\"},\"sameAs\":[\"https:\\\/\\\/www.linkedin.com\\\/company\\\/gct-milano\"]},{\"@type\":\"Person\",\"@id\":\"https:\\\/\\\/unione.gct.mi.it\\\/it\\\/#\\\/schema\\\/person\\\/0a527942a7bba1368f20325090c35556\",\"name\":\"enricosbandi\",\"image\":{\"@type\":\"ImageObject\",\"inLanguage\":\"it-IT\",\"@id\":\"https:\\\/\\\/secure.gravatar.com\\\/avatar\\\/5fab3e07d7a1fefcc017d11e895c925f926d3a539b828129bb54949a8ac834d5?s=96&d=mm&r=g\",\"url\":\"https:\\\/\\\/secure.gravatar.com\\\/avatar\\\/5fab3e07d7a1fefcc017d11e895c925f926d3a539b828129bb54949a8ac834d5?s=96&d=mm&r=g\",\"contentUrl\":\"https:\\\/\\\/secure.gravatar.com\\\/avatar\\\/5fab3e07d7a1fefcc017d11e895c925f926d3a539b828129bb54949a8ac834d5?s=96&d=mm&r=g\",\"caption\":\"enricosbandi\"}}]}<\/script>\n<!-- \/ Yoast SEO plugin. -->","yoast_head_json":{"title":"Niente compromessi in Europa sul regolamento imballaggi: la posizione italiana \u00e8 chiara - Unione GCT","robots":{"index":"index","follow":"follow","max-snippet":"max-snippet:-1","max-image-preview":"max-image-preview:large","max-video-preview":"max-video-preview:-1"},"canonical":"https:\/\/unione.gct.mi.it\/niente-compromessi-in-europa-sul-regolamento-imballaggi-la-posizione-italiana-e-chiara\/","og_locale":"it_IT","og_type":"article","og_title":"Niente compromessi in Europa sul regolamento imballaggi: la posizione italiana \u00e8 chiara - Unione GCT","og_description":"La proposta europea in materia di imballaggi presenta tante, troppe criticit\u00e0, rispetto alle quali la posizione italiana \u00e8 chiara, come emerge dal parere approvato dalle Commissioni Ambiente e Attivit\u00e0 produttive della Camera. Lo afferma in una nota il direttore generale della Federazione Carta e Grafica Maurizio D\u2019Adda (qui il documento completo). L\u2019attuale bozza di regolamento [&hellip;]","og_url":"https:\/\/unione.gct.mi.it\/niente-compromessi-in-europa-sul-regolamento-imballaggi-la-posizione-italiana-e-chiara\/","og_site_name":"Unione GCT","article_published_time":"2023-06-30T09:47:29+00:00","article_modified_time":"2023-07-06T09:50:56+00:00","og_image":[{"width":640,"height":426,"url":"https:\/\/unione.gct.mi.it\/wp-content\/uploads\/sites\/3\/2023\/07\/waste-paper-4560238_640.jpg","type":"image\/jpeg"}],"author":"enricosbandi","twitter_card":"summary_large_image","twitter_misc":{"Scritto da":"enricosbandi","Tempo di lettura stimato":"1 minuto"},"schema":{"@context":"https:\/\/schema.org","@graph":[{"@type":"Article","@id":"https:\/\/unione.gct.mi.it\/niente-compromessi-in-europa-sul-regolamento-imballaggi-la-posizione-italiana-e-chiara\/#article","isPartOf":{"@id":"https:\/\/unione.gct.mi.it\/niente-compromessi-in-europa-sul-regolamento-imballaggi-la-posizione-italiana-e-chiara\/"},"author":{"name":"enricosbandi","@id":"https:\/\/unione.gct.mi.it\/it\/#\/schema\/person\/0a527942a7bba1368f20325090c35556"},"headline":"Niente compromessi in Europa sul regolamento imballaggi: la posizione italiana \u00e8 chiara","datePublished":"2023-06-30T09:47:29+00:00","dateModified":"2023-07-06T09:50:56+00:00","mainEntityOfPage":{"@id":"https:\/\/unione.gct.mi.it\/niente-compromessi-in-europa-sul-regolamento-imballaggi-la-posizione-italiana-e-chiara\/"},"wordCount":194,"commentCount":0,"publisher":{"@id":"https:\/\/unione.gct.mi.it\/it\/#organization"},"image":{"@id":"https:\/\/unione.gct.mi.it\/niente-compromessi-in-europa-sul-regolamento-imballaggi-la-posizione-italiana-e-chiara\/#primaryimage"},"thumbnailUrl":"https:\/\/unione.gct.mi.it\/wp-content\/uploads\/sites\/3\/2023\/07\/waste-paper-4560238_640.jpg","articleSection":["Attivit\u00e0 Istituzionale","News","Packaging"],"inLanguage":"it-IT"},{"@type":"WebPage","@id":"https:\/\/unione.gct.mi.it\/niente-compromessi-in-europa-sul-regolamento-imballaggi-la-posizione-italiana-e-chiara\/","url":"https:\/\/unione.gct.mi.it\/niente-compromessi-in-europa-sul-regolamento-imballaggi-la-posizione-italiana-e-chiara\/","name":"Niente compromessi in Europa sul regolamento imballaggi: la posizione italiana \u00e8 chiara - Unione GCT","isPartOf":{"@id":"https:\/\/unione.gct.mi.it\/it\/#website"},"primaryImageOfPage":{"@id":"https:\/\/unione.gct.mi.it\/niente-compromessi-in-europa-sul-regolamento-imballaggi-la-posizione-italiana-e-chiara\/#primaryimage"},"image":{"@id":"https:\/\/unione.gct.mi.it\/niente-compromessi-in-europa-sul-regolamento-imballaggi-la-posizione-italiana-e-chiara\/#primaryimage"},"thumbnailUrl":"https:\/\/unione.gct.mi.it\/wp-content\/uploads\/sites\/3\/2023\/07\/waste-paper-4560238_640.jpg","datePublished":"2023-06-30T09:47:29+00:00","dateModified":"2023-07-06T09:50:56+00:00","breadcrumb":{"@id":"https:\/\/unione.gct.mi.it\/niente-compromessi-in-europa-sul-regolamento-imballaggi-la-posizione-italiana-e-chiara\/#breadcrumb"},"inLanguage":"it-IT","potentialAction":[{"@type":"ReadAction","target":["https:\/\/unione.gct.mi.it\/niente-compromessi-in-europa-sul-regolamento-imballaggi-la-posizione-italiana-e-chiara\/"]}]},{"@type":"ImageObject","inLanguage":"it-IT","@id":"https:\/\/unione.gct.mi.it\/niente-compromessi-in-europa-sul-regolamento-imballaggi-la-posizione-italiana-e-chiara\/#primaryimage","url":"https:\/\/unione.gct.mi.it\/wp-content\/uploads\/sites\/3\/2023\/07\/waste-paper-4560238_640.jpg","contentUrl":"https:\/\/unione.gct.mi.it\/wp-content\/uploads\/sites\/3\/2023\/07\/waste-paper-4560238_640.jpg","width":640,"height":426},{"@type":"BreadcrumbList","@id":"https:\/\/unione.gct.mi.it\/niente-compromessi-in-europa-sul-regolamento-imballaggi-la-posizione-italiana-e-chiara\/#breadcrumb","itemListElement":[{"@type":"ListItem","position":1,"name":"Home","item":"https:\/\/unione.gct.mi.it\/"},{"@type":"ListItem","position":2,"name":"Niente compromessi in Europa sul regolamento imballaggi: la posizione italiana \u00e8 chiara"}]},{"@type":"WebSite","@id":"https:\/\/unione.gct.mi.it\/it\/#website","url":"https:\/\/unione.gct.mi.it\/it\/","name":"Unione GCT","description":"Unione Grafici Cartotecnici Trasformatori Carta","publisher":{"@id":"https:\/\/unione.gct.mi.it\/it\/#organization"},"potentialAction":[{"@type":"SearchAction","target":{"@type":"EntryPoint","urlTemplate":"https:\/\/unione.gct.mi.it\/it\/?s={search_term_string}"},"query-input":{"@type":"PropertyValueSpecification","valueRequired":true,"valueName":"search_term_string"}}],"inLanguage":"it-IT"},{"@type":"Organization","@id":"https:\/\/unione.gct.mi.it\/it\/#organization","name":"Unione Industriali Grafici Cartotecnici Trasformatori carta e affini della provincia di Milano","url":"https:\/\/unione.gct.mi.it\/it\/","logo":{"@type":"ImageObject","inLanguage":"it-IT","@id":"https:\/\/unione.gct.mi.it\/it\/#\/schema\/logo\/image\/","url":"https:\/\/unione.gct.mi.it\/wp-content\/uploads\/sites\/3\/2021\/01\/logo-unione.jpg","contentUrl":"https:\/\/unione.gct.mi.it\/wp-content\/uploads\/sites\/3\/2021\/01\/logo-unione.jpg","width":348,"height":98,"caption":"Unione Industriali Grafici Cartotecnici Trasformatori carta e affini della provincia di Milano"},"image":{"@id":"https:\/\/unione.gct.mi.it\/it\/#\/schema\/logo\/image\/"},"sameAs":["https:\/\/www.linkedin.com\/company\/gct-milano"]},{"@type":"Person","@id":"https:\/\/unione.gct.mi.it\/it\/#\/schema\/person\/0a527942a7bba1368f20325090c35556","name":"enricosbandi","image":{"@type":"ImageObject","inLanguage":"it-IT","@id":"https:\/\/secure.gravatar.com\/avatar\/5fab3e07d7a1fefcc017d11e895c925f926d3a539b828129bb54949a8ac834d5?s=96&d=mm&r=g","url":"https:\/\/secure.gravatar.com\/avatar\/5fab3e07d7a1fefcc017d11e895c925f926d3a539b828129bb54949a8ac834d5?s=96&d=mm&r=g","contentUrl":"https:\/\/secure.gravatar.com\/avatar\/5fab3e07d7a1fefcc017d11e895c925f926d3a539b828129bb54949a8ac834d5?s=96&d=mm&r=g","caption":"enricosbandi"}}]}},"_links":{"self":[{"href":"https:\/\/unione.gct.mi.it\/it\/wp-json\/wp\/v2\/posts\/1756","targetHints":{"allow":["GET"]}}],"collection":[{"href":"https:\/\/unione.gct.mi.it\/it\/wp-json\/wp\/v2\/posts"}],"about":[{"href":"https:\/\/unione.gct.mi.it\/it\/wp-json\/wp\/v2\/types\/post"}],"author":[{"embeddable":true,"href":"https:\/\/unione.gct.mi.it\/it\/wp-json\/wp\/v2\/users\/10"}],"replies":[{"embeddable":true,"href":"https:\/\/unione.gct.mi.it\/it\/wp-json\/wp\/v2\/comments?post=1756"}],"version-history":[{"count":1,"href":"https:\/\/unione.gct.mi.it\/it\/wp-json\/wp\/v2\/posts\/1756\/revisions"}],"predecessor-version":[{"id":1759,"href":"https:\/\/unione.gct.mi.it\/it\/wp-json\/wp\/v2\/posts\/1756\/revisions\/1759"}],"wp:featuredmedia":[{"embeddable":true,"href":"https:\/\/unione.gct.mi.it\/it\/wp-json\/wp\/v2\/media\/1757"}],"wp:attachment":[{"href":"https:\/\/unione.gct.mi.it\/it\/wp-json\/wp\/v2\/media?parent=1756"}],"wp:term":[{"taxonomy":"category","embeddable":true,"href":"https:\/\/unione.gct.mi.it\/it\/wp-json\/wp\/v2\/categories?post=1756"},{"taxonomy":"post_tag","embeddable":true,"href":"https:\/\/unione.gct.mi.it\/it\/wp-json\/wp\/v2\/tags?post=1756"},{"taxonomy":"fonte","embeddable":true,"href":"https:\/\/unione.gct.mi.it\/it\/wp-json\/wp\/v2\/fonte?post=1756"},{"taxonomy":"posizione","embeddable":true,"href":"https:\/\/unione.gct.mi.it\/it\/wp-json\/wp\/v2\/posizione?post=1756"}],"curies":[{"name":"wp","href":"https:\/\/api.w.org\/{rel}","templated":true}]}}