{"id":1290,"date":"2022-02-08T14:26:18","date_gmt":"2022-02-08T13:26:18","guid":{"rendered":"https:\/\/federazionecartagrafica.it\/?p=3111"},"modified":"2022-02-08T15:43:44","modified_gmt":"2022-02-08T14:43:44","slug":"rincaro-carta-ed-energia-le-associazioni-della-filiera-editoriale-chiedono-credito-dimposta-al-governo","status":"publish","type":"post","link":"https:\/\/unione.gct.mi.it\/rincaro-carta-ed-energia-le-associazioni-della-filiera-editoriale-chiedono-credito-dimposta-al-governo\/","title":{"rendered":"Rincaro carta ed energia: le Associazioni della filiera editoriale chiedono credito d&#8217;imposta al Governo"},"content":{"rendered":"<p class=\"p1\">\u201cI <strong>rincari energetici<\/strong> stanno gi\u00e0 mettendo a <strong>rischio di stop<\/strong> alcuni segmenti produttivi come quello delle <strong>riviste stampate in rotocalco<\/strong>. Ma per tutti i settori della <strong>stampa editoriale e commerciale<\/strong> l\u2019incremento del costo della <strong>carta<\/strong> ha assunto dimensioni tali da erodere ogni marginalit\u00e0, date le ovvie difficolt\u00e0 a trasferire a valle tali rincari. A questo scenario si aggiungono le problematiche legate a una scarsa reperibilit\u00e0 della materia prima, anche a causa del processo in atto di riconversione della produzione verso le carte per imballaggi\u201d, afferma <strong>Emanuele Bona<\/strong>, Presidente di Federazione Carta Grafica.<\/p>\n<p><strong><a href=\"https:\/\/federazionecartagrafica.it\/wp-content\/uploads\/sites\/2\/2022\/02\/8_2_2022_CS_FCG.pdf\"><img loading=\"lazy\" decoding=\"async\" class=\"alignleft wp-image-3116 size-medium\" src=\"https:\/\/federazionecartagrafica.it\/wp-content\/uploads\/sites\/2\/2022\/02\/Schermata-2022-02-08-alle-14.23.48-215x300.png\" alt=\"\" width=\"215\" height=\"300\" \/><\/a><\/strong><\/p>\n<p class=\"p1\">In una nota congiunta diffusa dalla Federazione (<a href=\"https:\/\/federazionecartagrafica.it\/wp-content\/uploads\/sites\/2\/2022\/02\/8_2_2022_CS_FCG.pdf\" target=\"_blank\" rel=\"noopener\">disponibile qui)<\/a> insieme con l&#8217;<strong>Associazione Italiana Editori (AIE)<\/strong> e con l&#8217;<strong>Associazione Nazionale Editoria di Settore (ANES)<\/strong>, la filiera della carta e dell\u2019editoria lancia l\u2019allarme. La <strong>forte impennata dei costi delle materie prime e dell\u2019energia<\/strong> mette a dura prova la tenuta dell&#8217;intero comparto editoriale: si rischiano <strong>minore offerta di libri e riviste<\/strong>, <strong>ritardi nelle consegne, possibili aumenti dei prezzi per il pubblico dei lettori, gravi problemi per l\u2019editoria scolastica.<\/strong><\/p>\n<p class=\"p1\">Di fronte alla grave emergenza,<strong> le tre organizzazioni chiedono al Governo un credito di imposta<\/strong> sull\u2019acquisto di <strong>carta grafica per fini editoriali<\/strong>. Una misura urgente a favore della sostenibilit\u00e0 dell\u2019industria editoriale e necessaria per contribuire alla resilienza della filiera, di primaria importanza per il Paese e gi\u00e0 faticosamente impegnata a gestire le delicate sfide del mercato.<\/p>\n<p>&nbsp;<\/p>\n","protected":false},"excerpt":{"rendered":"<p>\u201cI rincari energetici stanno gi\u00e0 mettendo a rischio di stop alcuni segmenti produttivi come quello delle riviste stampate in rotocalco. Ma per tutti i settori della stampa editoriale e commerciale l\u2019incremento del costo della carta ha assunto dimensioni tali da erodere ogni marginalit\u00e0, date le ovvie difficolt\u00e0 a trasferire a valle tali rincari. A questo [&hellip;]<\/p>\n","protected":false},"author":10,"featured_media":1291,"comment_status":"open","ping_status":"open","sticky":false,"template":"","format":"standard","meta":{"_acf_changed":false,"_et_pb_use_builder":"","_et_pb_old_content":"","_et_gb_content_width":"","inline_featured_image":false,"footnotes":""},"categories":[130],"tags":[124,125,126,127,119],"fonte":[91],"posizione":[65],"class_list":["post-1290","post","type-post","status-publish","format-standard","has-post-thumbnail","hentry","category-attivita-istituzionale-2","tag-caroenergia","tag-energia","tag-materieprime","tag-rincarienergia","tag-editoria","fonte-federazione-carta-e-grafica-2","posizione-news-di-sistema"],"acf":[],"yoast_head":"<!-- This site is optimized with the Yoast SEO plugin v27.4 - https:\/\/yoast.com\/product\/yoast-seo-wordpress\/ -->\n<title>Rincaro carta ed energia: le Associazioni della filiera editoriale chiedono credito d&#039;imposta al Governo - Unione GCT<\/title>\n<meta name=\"description\" content=\"In una nota congiunta diffusa dalla Federazione insieme con l&#039;Associazione Italiana Editori (AIE) e con l&#039;Associazione Nazionale Editoria di Settore (ANES), la filiera della carta e dell\u2019editoria lancia l\u2019allarme: la forte impennata dei costi delle materie prime e dell\u2019energia mette a dura prova la tenuta dell&#039;intero comparto editoriale. Si rischiano minore offerta di libri e riviste, ritardi nelle consegne, possibili aumenti dei prezzi per il pubblico dei lettori, gravi problemi per l\u2019editoria scolastica.\" \/>\n<meta name=\"robots\" content=\"index, follow, max-snippet:-1, max-image-preview:large, max-video-preview:-1\" \/>\n<link rel=\"canonical\" href=\"https:\/\/unione.gct.mi.it\/rincaro-carta-ed-energia-le-associazioni-della-filiera-editoriale-chiedono-credito-dimposta-al-governo\/\" \/>\n<meta property=\"og:locale\" content=\"it_IT\" \/>\n<meta property=\"og:type\" content=\"article\" \/>\n<meta property=\"og:title\" content=\"Rincaro carta ed energia: le Associazioni della filiera editoriale chiedono credito d&#039;imposta al Governo - Unione GCT\" \/>\n<meta property=\"og:description\" content=\"In una nota congiunta diffusa dalla Federazione insieme con l&#039;Associazione Italiana Editori (AIE) e con l&#039;Associazione Nazionale Editoria di Settore (ANES), la filiera della carta e dell\u2019editoria lancia l\u2019allarme: la forte impennata dei costi delle materie prime e dell\u2019energia mette a dura prova la tenuta dell&#039;intero comparto editoriale. Si rischiano minore offerta di libri e riviste, ritardi nelle consegne, possibili aumenti dei prezzi per il pubblico dei lettori, gravi problemi per l\u2019editoria scolastica.\" \/>\n<meta property=\"og:url\" content=\"https:\/\/unione.gct.mi.it\/rincaro-carta-ed-energia-le-associazioni-della-filiera-editoriale-chiedono-credito-dimposta-al-governo\/\" \/>\n<meta property=\"og:site_name\" content=\"Unione GCT\" \/>\n<meta property=\"article:published_time\" content=\"2022-02-08T13:26:18+00:00\" \/>\n<meta property=\"article:modified_time\" content=\"2022-02-08T14:43:44+00:00\" \/>\n<meta property=\"og:image\" content=\"https:\/\/unione.gct.mi.it\/wp-content\/uploads\/sites\/3\/2022\/02\/Bona-altro.jpg\" \/>\n\t<meta property=\"og:image:width\" content=\"1600\" \/>\n\t<meta property=\"og:image:height\" content=\"900\" \/>\n\t<meta property=\"og:image:type\" content=\"image\/jpeg\" \/>\n<meta name=\"author\" content=\"enricosbandi\" \/>\n<meta name=\"twitter:card\" content=\"summary_large_image\" \/>\n<meta name=\"twitter:label1\" content=\"Scritto da\" \/>\n\t<meta name=\"twitter:data1\" content=\"enricosbandi\" \/>\n\t<meta name=\"twitter:label2\" content=\"Tempo di lettura stimato\" \/>\n\t<meta name=\"twitter:data2\" content=\"2 minuti\" \/>\n<script type=\"application\/ld+json\" class=\"yoast-schema-graph\">{\"@context\":\"https:\\\/\\\/schema.org\",\"@graph\":[{\"@type\":\"Article\",\"@id\":\"https:\\\/\\\/unione.gct.mi.it\\\/rincaro-carta-ed-energia-le-associazioni-della-filiera-editoriale-chiedono-credito-dimposta-al-governo\\\/#article\",\"isPartOf\":{\"@id\":\"https:\\\/\\\/unione.gct.mi.it\\\/rincaro-carta-ed-energia-le-associazioni-della-filiera-editoriale-chiedono-credito-dimposta-al-governo\\\/\"},\"author\":{\"name\":\"enricosbandi\",\"@id\":\"https:\\\/\\\/unione.gct.mi.it\\\/it\\\/#\\\/schema\\\/person\\\/0a527942a7bba1368f20325090c35556\"},\"headline\":\"Rincaro carta ed energia: le Associazioni della filiera editoriale chiedono credito d&#8217;imposta al Governo\",\"datePublished\":\"2022-02-08T13:26:18+00:00\",\"dateModified\":\"2022-02-08T14:43:44+00:00\",\"mainEntityOfPage\":{\"@id\":\"https:\\\/\\\/unione.gct.mi.it\\\/rincaro-carta-ed-energia-le-associazioni-della-filiera-editoriale-chiedono-credito-dimposta-al-governo\\\/\"},\"wordCount\":249,\"commentCount\":0,\"publisher\":{\"@id\":\"https:\\\/\\\/unione.gct.mi.it\\\/it\\\/#organization\"},\"image\":{\"@id\":\"https:\\\/\\\/unione.gct.mi.it\\\/rincaro-carta-ed-energia-le-associazioni-della-filiera-editoriale-chiedono-credito-dimposta-al-governo\\\/#primaryimage\"},\"thumbnailUrl\":\"https:\\\/\\\/unione.gct.mi.it\\\/wp-content\\\/uploads\\\/sites\\\/3\\\/2022\\\/02\\\/Bona-altro.jpg\",\"keywords\":[\"#caroenergia\",\"#energia\",\"#materieprime\",\"#rincarienergia\",\"editoria\"],\"articleSection\":[\"Attivit\u00e0 Istituzionale\"],\"inLanguage\":\"it-IT\"},{\"@type\":\"WebPage\",\"@id\":\"https:\\\/\\\/unione.gct.mi.it\\\/rincaro-carta-ed-energia-le-associazioni-della-filiera-editoriale-chiedono-credito-dimposta-al-governo\\\/\",\"url\":\"https:\\\/\\\/unione.gct.mi.it\\\/rincaro-carta-ed-energia-le-associazioni-della-filiera-editoriale-chiedono-credito-dimposta-al-governo\\\/\",\"name\":\"Rincaro carta ed energia: le Associazioni della filiera editoriale chiedono credito d'imposta al Governo - Unione GCT\",\"isPartOf\":{\"@id\":\"https:\\\/\\\/unione.gct.mi.it\\\/it\\\/#website\"},\"primaryImageOfPage\":{\"@id\":\"https:\\\/\\\/unione.gct.mi.it\\\/rincaro-carta-ed-energia-le-associazioni-della-filiera-editoriale-chiedono-credito-dimposta-al-governo\\\/#primaryimage\"},\"image\":{\"@id\":\"https:\\\/\\\/unione.gct.mi.it\\\/rincaro-carta-ed-energia-le-associazioni-della-filiera-editoriale-chiedono-credito-dimposta-al-governo\\\/#primaryimage\"},\"thumbnailUrl\":\"https:\\\/\\\/unione.gct.mi.it\\\/wp-content\\\/uploads\\\/sites\\\/3\\\/2022\\\/02\\\/Bona-altro.jpg\",\"datePublished\":\"2022-02-08T13:26:18+00:00\",\"dateModified\":\"2022-02-08T14:43:44+00:00\",\"description\":\"In una nota congiunta diffusa dalla Federazione insieme con l'Associazione Italiana Editori (AIE) e con l'Associazione Nazionale Editoria di Settore (ANES), la filiera della carta e dell\u2019editoria lancia l\u2019allarme: la forte impennata dei costi delle materie prime e dell\u2019energia mette a dura prova la tenuta dell'intero comparto editoriale. Si rischiano minore offerta di libri e riviste, ritardi nelle consegne, possibili aumenti dei prezzi per il pubblico dei lettori, gravi problemi per l\u2019editoria scolastica.\",\"breadcrumb\":{\"@id\":\"https:\\\/\\\/unione.gct.mi.it\\\/rincaro-carta-ed-energia-le-associazioni-della-filiera-editoriale-chiedono-credito-dimposta-al-governo\\\/#breadcrumb\"},\"inLanguage\":\"it-IT\",\"potentialAction\":[{\"@type\":\"ReadAction\",\"target\":[\"https:\\\/\\\/unione.gct.mi.it\\\/rincaro-carta-ed-energia-le-associazioni-della-filiera-editoriale-chiedono-credito-dimposta-al-governo\\\/\"]}]},{\"@type\":\"ImageObject\",\"inLanguage\":\"it-IT\",\"@id\":\"https:\\\/\\\/unione.gct.mi.it\\\/rincaro-carta-ed-energia-le-associazioni-della-filiera-editoriale-chiedono-credito-dimposta-al-governo\\\/#primaryimage\",\"url\":\"https:\\\/\\\/unione.gct.mi.it\\\/wp-content\\\/uploads\\\/sites\\\/3\\\/2022\\\/02\\\/Bona-altro.jpg\",\"contentUrl\":\"https:\\\/\\\/unione.gct.mi.it\\\/wp-content\\\/uploads\\\/sites\\\/3\\\/2022\\\/02\\\/Bona-altro.jpg\",\"width\":1600,\"height\":900},{\"@type\":\"BreadcrumbList\",\"@id\":\"https:\\\/\\\/unione.gct.mi.it\\\/rincaro-carta-ed-energia-le-associazioni-della-filiera-editoriale-chiedono-credito-dimposta-al-governo\\\/#breadcrumb\",\"itemListElement\":[{\"@type\":\"ListItem\",\"position\":1,\"name\":\"Home\",\"item\":\"https:\\\/\\\/unione.gct.mi.it\\\/\"},{\"@type\":\"ListItem\",\"position\":2,\"name\":\"Rincaro carta ed energia: le Associazioni della filiera editoriale chiedono credito d&#8217;imposta al Governo\"}]},{\"@type\":\"WebSite\",\"@id\":\"https:\\\/\\\/unione.gct.mi.it\\\/it\\\/#website\",\"url\":\"https:\\\/\\\/unione.gct.mi.it\\\/it\\\/\",\"name\":\"Unione GCT\",\"description\":\"Unione Grafici Cartotecnici Trasformatori Carta\",\"publisher\":{\"@id\":\"https:\\\/\\\/unione.gct.mi.it\\\/it\\\/#organization\"},\"potentialAction\":[{\"@type\":\"SearchAction\",\"target\":{\"@type\":\"EntryPoint\",\"urlTemplate\":\"https:\\\/\\\/unione.gct.mi.it\\\/it\\\/?s={search_term_string}\"},\"query-input\":{\"@type\":\"PropertyValueSpecification\",\"valueRequired\":true,\"valueName\":\"search_term_string\"}}],\"inLanguage\":\"it-IT\"},{\"@type\":\"Organization\",\"@id\":\"https:\\\/\\\/unione.gct.mi.it\\\/it\\\/#organization\",\"name\":\"Unione Industriali Grafici Cartotecnici Trasformatori carta e affini della provincia di Milano\",\"url\":\"https:\\\/\\\/unione.gct.mi.it\\\/it\\\/\",\"logo\":{\"@type\":\"ImageObject\",\"inLanguage\":\"it-IT\",\"@id\":\"https:\\\/\\\/unione.gct.mi.it\\\/it\\\/#\\\/schema\\\/logo\\\/image\\\/\",\"url\":\"https:\\\/\\\/unione.gct.mi.it\\\/wp-content\\\/uploads\\\/sites\\\/3\\\/2021\\\/01\\\/logo-unione.jpg\",\"contentUrl\":\"https:\\\/\\\/unione.gct.mi.it\\\/wp-content\\\/uploads\\\/sites\\\/3\\\/2021\\\/01\\\/logo-unione.jpg\",\"width\":348,\"height\":98,\"caption\":\"Unione Industriali Grafici Cartotecnici Trasformatori carta e affini della provincia di Milano\"},\"image\":{\"@id\":\"https:\\\/\\\/unione.gct.mi.it\\\/it\\\/#\\\/schema\\\/logo\\\/image\\\/\"},\"sameAs\":[\"https:\\\/\\\/www.linkedin.com\\\/company\\\/gct-milano\"]},{\"@type\":\"Person\",\"@id\":\"https:\\\/\\\/unione.gct.mi.it\\\/it\\\/#\\\/schema\\\/person\\\/0a527942a7bba1368f20325090c35556\",\"name\":\"enricosbandi\",\"image\":{\"@type\":\"ImageObject\",\"inLanguage\":\"it-IT\",\"@id\":\"https:\\\/\\\/secure.gravatar.com\\\/avatar\\\/5fab3e07d7a1fefcc017d11e895c925f926d3a539b828129bb54949a8ac834d5?s=96&d=mm&r=g\",\"url\":\"https:\\\/\\\/secure.gravatar.com\\\/avatar\\\/5fab3e07d7a1fefcc017d11e895c925f926d3a539b828129bb54949a8ac834d5?s=96&d=mm&r=g\",\"contentUrl\":\"https:\\\/\\\/secure.gravatar.com\\\/avatar\\\/5fab3e07d7a1fefcc017d11e895c925f926d3a539b828129bb54949a8ac834d5?s=96&d=mm&r=g\",\"caption\":\"enricosbandi\"}}]}<\/script>\n<!-- \/ Yoast SEO plugin. -->","yoast_head_json":{"title":"Rincaro carta ed energia: le Associazioni della filiera editoriale chiedono credito d'imposta al Governo - Unione GCT","description":"In una nota congiunta diffusa dalla Federazione insieme con l'Associazione Italiana Editori (AIE) e con l'Associazione Nazionale Editoria di Settore (ANES), la filiera della carta e dell\u2019editoria lancia l\u2019allarme: la forte impennata dei costi delle materie prime e dell\u2019energia mette a dura prova la tenuta dell'intero comparto editoriale. Si rischiano minore offerta di libri e riviste, ritardi nelle consegne, possibili aumenti dei prezzi per il pubblico dei lettori, gravi problemi per l\u2019editoria scolastica.","robots":{"index":"index","follow":"follow","max-snippet":"max-snippet:-1","max-image-preview":"max-image-preview:large","max-video-preview":"max-video-preview:-1"},"canonical":"https:\/\/unione.gct.mi.it\/rincaro-carta-ed-energia-le-associazioni-della-filiera-editoriale-chiedono-credito-dimposta-al-governo\/","og_locale":"it_IT","og_type":"article","og_title":"Rincaro carta ed energia: le Associazioni della filiera editoriale chiedono credito d'imposta al Governo - Unione GCT","og_description":"In una nota congiunta diffusa dalla Federazione insieme con l'Associazione Italiana Editori (AIE) e con l'Associazione Nazionale Editoria di Settore (ANES), la filiera della carta e dell\u2019editoria lancia l\u2019allarme: la forte impennata dei costi delle materie prime e dell\u2019energia mette a dura prova la tenuta dell'intero comparto editoriale. Si rischiano minore offerta di libri e riviste, ritardi nelle consegne, possibili aumenti dei prezzi per il pubblico dei lettori, gravi problemi per l\u2019editoria scolastica.","og_url":"https:\/\/unione.gct.mi.it\/rincaro-carta-ed-energia-le-associazioni-della-filiera-editoriale-chiedono-credito-dimposta-al-governo\/","og_site_name":"Unione GCT","article_published_time":"2022-02-08T13:26:18+00:00","article_modified_time":"2022-02-08T14:43:44+00:00","og_image":[{"width":1600,"height":900,"url":"https:\/\/unione.gct.mi.it\/wp-content\/uploads\/sites\/3\/2022\/02\/Bona-altro.jpg","type":"image\/jpeg"}],"author":"enricosbandi","twitter_card":"summary_large_image","twitter_misc":{"Scritto da":"enricosbandi","Tempo di lettura stimato":"2 minuti"},"schema":{"@context":"https:\/\/schema.org","@graph":[{"@type":"Article","@id":"https:\/\/unione.gct.mi.it\/rincaro-carta-ed-energia-le-associazioni-della-filiera-editoriale-chiedono-credito-dimposta-al-governo\/#article","isPartOf":{"@id":"https:\/\/unione.gct.mi.it\/rincaro-carta-ed-energia-le-associazioni-della-filiera-editoriale-chiedono-credito-dimposta-al-governo\/"},"author":{"name":"enricosbandi","@id":"https:\/\/unione.gct.mi.it\/it\/#\/schema\/person\/0a527942a7bba1368f20325090c35556"},"headline":"Rincaro carta ed energia: le Associazioni della filiera editoriale chiedono credito d&#8217;imposta al Governo","datePublished":"2022-02-08T13:26:18+00:00","dateModified":"2022-02-08T14:43:44+00:00","mainEntityOfPage":{"@id":"https:\/\/unione.gct.mi.it\/rincaro-carta-ed-energia-le-associazioni-della-filiera-editoriale-chiedono-credito-dimposta-al-governo\/"},"wordCount":249,"commentCount":0,"publisher":{"@id":"https:\/\/unione.gct.mi.it\/it\/#organization"},"image":{"@id":"https:\/\/unione.gct.mi.it\/rincaro-carta-ed-energia-le-associazioni-della-filiera-editoriale-chiedono-credito-dimposta-al-governo\/#primaryimage"},"thumbnailUrl":"https:\/\/unione.gct.mi.it\/wp-content\/uploads\/sites\/3\/2022\/02\/Bona-altro.jpg","keywords":["#caroenergia","#energia","#materieprime","#rincarienergia","editoria"],"articleSection":["Attivit\u00e0 Istituzionale"],"inLanguage":"it-IT"},{"@type":"WebPage","@id":"https:\/\/unione.gct.mi.it\/rincaro-carta-ed-energia-le-associazioni-della-filiera-editoriale-chiedono-credito-dimposta-al-governo\/","url":"https:\/\/unione.gct.mi.it\/rincaro-carta-ed-energia-le-associazioni-della-filiera-editoriale-chiedono-credito-dimposta-al-governo\/","name":"Rincaro carta ed energia: le Associazioni della filiera editoriale chiedono credito d'imposta al Governo - Unione GCT","isPartOf":{"@id":"https:\/\/unione.gct.mi.it\/it\/#website"},"primaryImageOfPage":{"@id":"https:\/\/unione.gct.mi.it\/rincaro-carta-ed-energia-le-associazioni-della-filiera-editoriale-chiedono-credito-dimposta-al-governo\/#primaryimage"},"image":{"@id":"https:\/\/unione.gct.mi.it\/rincaro-carta-ed-energia-le-associazioni-della-filiera-editoriale-chiedono-credito-dimposta-al-governo\/#primaryimage"},"thumbnailUrl":"https:\/\/unione.gct.mi.it\/wp-content\/uploads\/sites\/3\/2022\/02\/Bona-altro.jpg","datePublished":"2022-02-08T13:26:18+00:00","dateModified":"2022-02-08T14:43:44+00:00","description":"In una nota congiunta diffusa dalla Federazione insieme con l'Associazione Italiana Editori (AIE) e con l'Associazione Nazionale Editoria di Settore (ANES), la filiera della carta e dell\u2019editoria lancia l\u2019allarme: la forte impennata dei costi delle materie prime e dell\u2019energia mette a dura prova la tenuta dell'intero comparto editoriale. Si rischiano minore offerta di libri e riviste, ritardi nelle consegne, possibili aumenti dei prezzi per il pubblico dei lettori, gravi problemi per l\u2019editoria scolastica.","breadcrumb":{"@id":"https:\/\/unione.gct.mi.it\/rincaro-carta-ed-energia-le-associazioni-della-filiera-editoriale-chiedono-credito-dimposta-al-governo\/#breadcrumb"},"inLanguage":"it-IT","potentialAction":[{"@type":"ReadAction","target":["https:\/\/unione.gct.mi.it\/rincaro-carta-ed-energia-le-associazioni-della-filiera-editoriale-chiedono-credito-dimposta-al-governo\/"]}]},{"@type":"ImageObject","inLanguage":"it-IT","@id":"https:\/\/unione.gct.mi.it\/rincaro-carta-ed-energia-le-associazioni-della-filiera-editoriale-chiedono-credito-dimposta-al-governo\/#primaryimage","url":"https:\/\/unione.gct.mi.it\/wp-content\/uploads\/sites\/3\/2022\/02\/Bona-altro.jpg","contentUrl":"https:\/\/unione.gct.mi.it\/wp-content\/uploads\/sites\/3\/2022\/02\/Bona-altro.jpg","width":1600,"height":900},{"@type":"BreadcrumbList","@id":"https:\/\/unione.gct.mi.it\/rincaro-carta-ed-energia-le-associazioni-della-filiera-editoriale-chiedono-credito-dimposta-al-governo\/#breadcrumb","itemListElement":[{"@type":"ListItem","position":1,"name":"Home","item":"https:\/\/unione.gct.mi.it\/"},{"@type":"ListItem","position":2,"name":"Rincaro carta ed energia: le Associazioni della filiera editoriale chiedono credito d&#8217;imposta al Governo"}]},{"@type":"WebSite","@id":"https:\/\/unione.gct.mi.it\/it\/#website","url":"https:\/\/unione.gct.mi.it\/it\/","name":"Unione GCT","description":"Unione Grafici Cartotecnici Trasformatori Carta","publisher":{"@id":"https:\/\/unione.gct.mi.it\/it\/#organization"},"potentialAction":[{"@type":"SearchAction","target":{"@type":"EntryPoint","urlTemplate":"https:\/\/unione.gct.mi.it\/it\/?s={search_term_string}"},"query-input":{"@type":"PropertyValueSpecification","valueRequired":true,"valueName":"search_term_string"}}],"inLanguage":"it-IT"},{"@type":"Organization","@id":"https:\/\/unione.gct.mi.it\/it\/#organization","name":"Unione Industriali Grafici Cartotecnici Trasformatori carta e affini della provincia di Milano","url":"https:\/\/unione.gct.mi.it\/it\/","logo":{"@type":"ImageObject","inLanguage":"it-IT","@id":"https:\/\/unione.gct.mi.it\/it\/#\/schema\/logo\/image\/","url":"https:\/\/unione.gct.mi.it\/wp-content\/uploads\/sites\/3\/2021\/01\/logo-unione.jpg","contentUrl":"https:\/\/unione.gct.mi.it\/wp-content\/uploads\/sites\/3\/2021\/01\/logo-unione.jpg","width":348,"height":98,"caption":"Unione Industriali Grafici Cartotecnici Trasformatori carta e affini della provincia di Milano"},"image":{"@id":"https:\/\/unione.gct.mi.it\/it\/#\/schema\/logo\/image\/"},"sameAs":["https:\/\/www.linkedin.com\/company\/gct-milano"]},{"@type":"Person","@id":"https:\/\/unione.gct.mi.it\/it\/#\/schema\/person\/0a527942a7bba1368f20325090c35556","name":"enricosbandi","image":{"@type":"ImageObject","inLanguage":"it-IT","@id":"https:\/\/secure.gravatar.com\/avatar\/5fab3e07d7a1fefcc017d11e895c925f926d3a539b828129bb54949a8ac834d5?s=96&d=mm&r=g","url":"https:\/\/secure.gravatar.com\/avatar\/5fab3e07d7a1fefcc017d11e895c925f926d3a539b828129bb54949a8ac834d5?s=96&d=mm&r=g","contentUrl":"https:\/\/secure.gravatar.com\/avatar\/5fab3e07d7a1fefcc017d11e895c925f926d3a539b828129bb54949a8ac834d5?s=96&d=mm&r=g","caption":"enricosbandi"}}]}},"_links":{"self":[{"href":"https:\/\/unione.gct.mi.it\/it\/wp-json\/wp\/v2\/posts\/1290","targetHints":{"allow":["GET"]}}],"collection":[{"href":"https:\/\/unione.gct.mi.it\/it\/wp-json\/wp\/v2\/posts"}],"about":[{"href":"https:\/\/unione.gct.mi.it\/it\/wp-json\/wp\/v2\/types\/post"}],"author":[{"embeddable":true,"href":"https:\/\/unione.gct.mi.it\/it\/wp-json\/wp\/v2\/users\/10"}],"replies":[{"embeddable":true,"href":"https:\/\/unione.gct.mi.it\/it\/wp-json\/wp\/v2\/comments?post=1290"}],"version-history":[{"count":2,"href":"https:\/\/unione.gct.mi.it\/it\/wp-json\/wp\/v2\/posts\/1290\/revisions"}],"predecessor-version":[{"id":1296,"href":"https:\/\/unione.gct.mi.it\/it\/wp-json\/wp\/v2\/posts\/1290\/revisions\/1296"}],"wp:featuredmedia":[{"embeddable":true,"href":"https:\/\/unione.gct.mi.it\/it\/wp-json\/wp\/v2\/media\/1291"}],"wp:attachment":[{"href":"https:\/\/unione.gct.mi.it\/it\/wp-json\/wp\/v2\/media?parent=1290"}],"wp:term":[{"taxonomy":"category","embeddable":true,"href":"https:\/\/unione.gct.mi.it\/it\/wp-json\/wp\/v2\/categories?post=1290"},{"taxonomy":"post_tag","embeddable":true,"href":"https:\/\/unione.gct.mi.it\/it\/wp-json\/wp\/v2\/tags?post=1290"},{"taxonomy":"fonte","embeddable":true,"href":"https:\/\/unione.gct.mi.it\/it\/wp-json\/wp\/v2\/fonte?post=1290"},{"taxonomy":"posizione","embeddable":true,"href":"https:\/\/unione.gct.mi.it\/it\/wp-json\/wp\/v2\/posizione?post=1290"}],"curies":[{"name":"wp","href":"https:\/\/api.w.org\/{rel}","templated":true}]}}